{"id":28454,"date":"2022-04-14T13:38:57","date_gmt":"2022-04-14T13:38:57","guid":{"rendered":"https:\/\/www.msdconnect.be\/nl\/?p=28454"},"modified":"2025-01-08T13:34:09","modified_gmt":"2025-01-08T13:34:09","slug":"klare-kijk-op-kanker-een-blik-vanuit-de-leefwereld-van-de-patient","status":"publish","type":"post","link":"https:\/\/www.msdconnect.be\/nl\/2022\/04\/14\/klare-kijk-op-kanker-een-blik-vanuit-de-leefwereld-van-de-patient\/","title":{"rendered":"\u2018Klare Kijk op Kanker\u2019 een blik vanuit de leefwereld van de pati\u00ebnt"},"content":{"rendered":"\n<figure class=\"wp-block-image size-full\"><img loading=\"lazy\" decoding=\"async\" width=\"860\" height=\"536\" src=\"https:\/\/www.msdconnect.be\/nl\/wp-content\/uploads\/sites\/34\/2022\/04\/freya_img_860.jpg\" alt=\"freya drawing\" class=\"wp-image-28455\" srcset=\"https:\/\/www.msdconnect.be\/nl\/wp-content\/uploads\/sites\/34\/2022\/04\/freya_img_860.jpg 860w, https:\/\/www.msdconnect.be\/nl\/wp-content\/uploads\/sites\/34\/2022\/04\/freya_img_860.jpg?resize=300,187 300w, https:\/\/www.msdconnect.be\/nl\/wp-content\/uploads\/sites\/34\/2022\/04\/freya_img_860.jpg?resize=768,479 768w, https:\/\/www.msdconnect.be\/nl\/wp-content\/uploads\/sites\/34\/2022\/04\/freya_img_860.jpg?resize=320,199 320w, https:\/\/www.msdconnect.be\/nl\/wp-content\/uploads\/sites\/34\/2022\/04\/freya_img_860.jpg?resize=120,75 120w, https:\/\/www.msdconnect.be\/nl\/wp-content\/uploads\/sites\/34\/2022\/04\/freya_img_860.jpg?resize=130,80 130w\" sizes=\"auto, (max-width: 860px) 100vw, 860px\" \/><\/figure>\n\n\n\n<p class=\"   mhh-mcn-v1-paragraph mhh-mcn-v1-paragraph--e9361747da4b395b988f069d0592b12c\"><strong><strong>Meer dan ooit wordt de pati\u00ebnt gewaardeerd in zijn rol als expert van zijn eigen ziekte. Aan artsen en verpleegkundigen om hun expertise als zorgverlener in te zetten; aan pati\u00ebnten en lotgenoten om die aan te vullen met hun eigen ervaringen. Dat doet Freya Rowaert (43) die nu al 20 jaar met kanker leeft. Met een eigen platform, \u2018Klare Kijk op Kanker\u2019 gidst ze kankerpati\u00ebnten en hun naasten doorheen moeilijke momenten.<\/strong><\/strong><\/p>\n\n\n\n<p class=\"   mhh-mcn-v1-paragraph mhh-mcn-v1-paragraph--79d79fece12eda79d1cd14c8ba1d06af\">Dergelijke gidsen of ondersteuners zijn niet nieuw in de aanpak van kanker. Denk aan het concept van de onco-coaches dat intussen al enkele decennia bestaat. Samen met het MOC (Multidisciplinair Oncologisch Consult) bewijzen de onco-coaches inmiddels al jarenlang hun nut in de meeste ziekenhuizen. Maar in die benadering werd de rol van de pati\u00ebnt-lotgenoot tot voor kort over het hoofd gezien.<\/p>\n\n\n\n<p class=\"   mhh-mcn-v1-paragraph mhh-mcn-v1-paragraph--d5733dea7ebc3844d5bd05fe30e3cbfb\">Daar komt meer en meer verandering in. Freya Rowaert (1) herinnert zich nog hoe ze zelf naar informatie op maat snakte toen ze de diagnose kreeg. Op dat moment stond ze er nog grotendeels alleen voor om een antwoord te zoeken op de prangende vragen waarmee ze worstelde. Een \u2018supportersclub\u2019 oprichten bood voor haar al een stukje uitweg. Gedeelde smart is halve smart. \u201cMet Klare Kijk op Kanker wil ik anderen geven wat ik zelf gemist heb: heldere, toegankelijke info, met een positieve instelling\u201d, legt ze uit. Zorgverleners hebben daarin hun verdienste, maar ze kunnen nooit volledig in de huid van pati\u00ebnten kruipen.<\/p>\n\n\n\n<p class=\"   mhh-mcn-v1-paragraph mhh-mcn-v1-paragraph--668627fc25207a809ba0702fbfbf36f0\">Freya wel. En ze doet meer dan enkel informatie verschaffen. Je voelt dat ze spreekt vanuit haar beleving en emoties. Door haar eigen ervaringen te delen, geeft ze een moreel steuntje. Wie duidelijk weet waar hij of zij aan toe is, ervaart minder stress. Dat op zich kan al heilzaam werken.<\/p>\n\n\n\n<p class=\"   mhh-mcn-v1-paragraph mhh-mcn-v1-paragraph--718fb6b9f4e598f54d6c0e4a1eb9da02\"><strong>Professionele, hertaalde informatie<\/strong><\/p>\n\n\n\n<p class=\"   mhh-mcn-v1-paragraph mhh-mcn-v1-paragraph--2d0caff2114f3d9ae9d9efc6a8741708\">Wie surft op de site, krijgt meteen twee keuzemogelijkheden: meer uitleg over moeilijke woordenschat of video\u2019s aanklikken waarin Freya zichzelf voorstelt en ingaat op pertinente vragen.<\/p>\n\n\n\n<p class=\"   mhh-mcn-v1-paragraph mhh-mcn-v1-paragraph--fb35e48f7bfd557c00ad13be1a2718c4\">Medisch jargon kan inderdaad een eerste stoorzender zijn. Vandaar een verklarende woordenlijst voor moeilijke termen. De expertise van Hetty Helsmoortel werd daarvoor ingeroepen. Ze kan heel wat adelbrieven voorleggen als wetenschapper en auteur en organisator van het wetenschapsfestival <em>Sound of Science<\/em>.<\/p>\n\n\n\n<p class=\"   mhh-mcn-v1-paragraph mhh-mcn-v1-paragraph--d184a3ce8cf80a1fdb13784e397c885c\">Zelf kan de pati\u00ebnt makkelijker de brug slaan naar de medische experts door het bezoek aan de oncoloog grondig voor te bereiden. \u201cZo\u2019n gesprek is altijd overrompelend. Daarom neem ik altijd iemand mee op consultatie\u201d, legt Freya uit. Ook voor de oncoloog betekent de goed voorbereide pati\u00ebnt een meerwaarde, want hij kan gerichter werken tijdens het pati\u00ebntencontact. Mogelijk vragen pati\u00ebnten de zorgverlener om het consultatiegesprek op te nemen zodat geen kostbare informatie verloren gaat. Weer een tip van Freya.<\/p>\n\n\n\n<p class=\"   mhh-mcn-v1-paragraph mhh-mcn-v1-paragraph--c51f6d6eadd3c6faf342b2a497fc7410\">Frustrerend is dikwijls de wachttijd op resultaten van nieuw onderzoek. Ook daar heeft Klare Kijk op Kanker nuttige weetjes in petto. Probeer bijvoorbeeld de tijd te verdrijven met leuke zaken, laat je niet afglijden tot doemdenken, is het motto.<\/p>\n\n\n\n<p class=\"   mhh-mcn-v1-paragraph mhh-mcn-v1-paragraph--9a839c5bfd233aa180c96bc96512bf6d\">Intussen ontwikkelt het platform zich stilaan verder op eigen kracht, met de inbreng van andere pati\u00ebntenervaringen, maar ook van artsen of andere deskundigen.<\/p>\n\n\n\n<p class=\"has-positive-2-font-size   mhh-mcn-v1-paragraph mhh-mcn-v1-paragraph--bb43a5d6b869a52b3809f111fec0bb14\"><a href=\"http:\/\/www.klarekijkopkanker.be\" target=\"_blank\" rel=\"noreferrer noopener\">www.klarekijkopkanker.be<\/a><\/p>\n\n\n\n<div class=\"wp-block-mconnect-theme-accordion accordion \" data-has-first-expanded=\"false\">\n\t\n\n<button class=\"wp-block-mconnect-theme-accordion-item__header accordion-header \" id=\"accordion-69f37b5104e8a\" aria-controls=\"accordion-content-accordion-69f37b5104e8a\" data-tracking-id=\"accordion__section-toggle\">\n\tReferenties<\/button>\n<div class=\"wp-block-mconnect-theme-accordion-item__content accordion-content sub__entry__content\" id=\"accordion-content-accordion-69f37b5104e8a\" aria-labelledby=\"accordion-69f37b5104e8a\">\n\t\n\n<ol class=\"has-negative-1-font-size wp-block-list\">\n<li>Freya kreeg haar eerste kankerdiagnose op haar 23ste: een zeldzame kanker, synoviaal sarcoom in de arm. Zes jaar later kwam de eerste herval, nog later verloor ze haar rechterarm aan de ziekte en werd ze ineens ook iemand met een beperking. Intussen is Freya 43 en chronisch kankerpati\u00ebnt. De laatste 20 jaar onderging ze 10 operaties, waaronder een amputatie van de rechterarm en een hersenoperatie, en kreeg ze 2 chemo-reeksen en 2 reeksen bestralingen. Freya werkt als projectmanager oncologie voor MSD.<\/li>\n<\/ol>\n\n<\/div>\n\n<\/div>\n\n\n\n<section class=\"wp-block-mconnect-theme-section has-light-grey-background-color has-background sub__entry__content wp-block-mconnect-theme-section--align-full has-red-border-color\">\n\t<div class=\"mhh-mcn-container\">\n\t\t\n\n<nav class=\"wp-block-mconnect-theme-grid \">\n\t<ul class=\"is-grid-layout has-columns has-two-columns has-center-vertical-alignment\" >\n\t\t\n\n<li class=\"wp-block-mconnect-theme-grid-item grid-item has-red-border-color\">\n\t<div class=\"sub__entry__content\">\n\t\t\n\n<h3 class=\"wp-block-heading  mhh-mcn-v1-heading mhh-mcn-v1-heading--e63c5defabcb881a9980318cabe9767f\"><strong>Nieuwe Artikelen<\/strong><\/h3>\n\n\t<\/div>\n<\/li>\n\n\n\n<li class=\"wp-block-mconnect-theme-grid-item grid-item has-red-border-color\">\n\t<div class=\"sub__entry__content\">\n\t\t\n\n<div class=\"wp-block-buttons alignright is-horizontal is-content-justification-right is-layout-flex wp-container-core-buttons-is-layout-ae2fe186 wp-block-buttons-is-layout-flex\">\n<div class=\"wp-block-button is-style-secondary\"><a class=\"wp-block-button__link wp-element-button\" href=\"https:\/\/www.msdconnect.be\/nl\/hospital-connect\/\">Bekijk meer<\/a><\/div>\n<\/div>\n\n\t<\/div>\n<\/li>\n\n\t<\/ul>\n<\/nav>\n\n\n\n<nav class=\"wp-block-mconnect-theme-curated-content \">\n\t<ul class=\"is-grid-layout has-columns has-two-columns has-top-vertical-alignment\" >\n\t\t\n\t<li class=\"grid-item\">\n\t\t<article\n    class=\"content-item content-item-type-post is-card-style content-item--text-align-center is-display-media-style has-featured-image has-background has-white-background-color has-link post-28468 post type-post status-publish format-standard has-post-thumbnail hentry category-uncategorized\">\n\t\t\t<div class=\"content-item__media-container\">\n\t\t\t<div class=\"content-media\">\n\t\t\t\t<div class=\"content-media__inner\">\n\t\t\t\t\t<img loading=\"lazy\" decoding=\"async\" width=\"635\" height=\"475\" src=\"https:\/\/www.msdconnect.be\/nl\/wp-content\/uploads\/sites\/34\/2022\/04\/video_img_640.jpg?w=635&amp;h=475&amp;crop=1\" class=\"content-media__image\" alt=\"Katlijn Sanctorum\" srcset=\"https:\/\/www.msdconnect.be\/nl\/wp-content\/uploads\/sites\/34\/2022\/04\/video_img_640.jpg 640w, https:\/\/www.msdconnect.be\/nl\/wp-content\/uploads\/sites\/34\/2022\/04\/video_img_640.jpg?resize=300,225 300w, https:\/\/www.msdconnect.be\/nl\/wp-content\/uploads\/sites\/34\/2022\/04\/video_img_640.jpg?resize=320,240 320w, https:\/\/www.msdconnect.be\/nl\/wp-content\/uploads\/sites\/34\/2022\/04\/video_img_640.jpg?resize=120,90 120w, https:\/\/www.msdconnect.be\/nl\/wp-content\/uploads\/sites\/34\/2022\/04\/video_img_640.jpg?resize=180,135 180w, https:\/\/www.msdconnect.be\/nl\/wp-content\/uploads\/sites\/34\/2022\/04\/video_img_640.jpg?resize=635,475 635w\" sizes=\"auto, (max-width: 635px) 100vw, 635px\" \/>\t\t\t\t<\/div>\n\t\t\t<\/div>\n\t\t<\/div>\n\t\n    \n    <div class=\"content-item__content-container\">\n\t\t<div class=\"content-item__content-body\">\n\t\t\t\t\t\t\t\t\t<header class=\"content-item__header\">\n\t\t\t\t<span\n\t\t\t\t\tclass=\"content-item__content-type content-type  content-type--post\">\n\t\t\t\t\t<span class=\"content-type__icon\">\n                                            <\/span>\n\t\t\t\t\t\t\t\t\t<\/span>\n\t\t\t\t<h2 class=\"content-item__title\" data-enterprise-id=\"currentHeader\">\n\t\t\t\t\t\t\t\t\t\t\t<a href=\"https:\/\/www.msdconnect.be\/nl\/2022\/04\/14\/standpunt-van-patientenorganisatie-fapa-video\/\"\n                            class=\"content-item__title-link\"\n                            target=\"_self\"\n                            rel=\"\"\n\t\t\t\t\t\t\t              >\n                            Standpunt van pati\u00ebntenorganisatie FAPA (video)                        <\/a>\n\t\t\t\t\t\t\t\t\t<\/h2>\n\t\t\t\t\t\t\t<\/header>\n\t\t\t\n                                            <div class=\"content-item__content-meta badge-container\">                                                                <div class=\"content-item__dates badge badge--flat badge--dates\">\n                                                        <span class=\"content-item__dates--start badge--dates__start\">\n                                14 april 2022                            <\/span>\n                                                                                                        <\/div>\n                                        <span class=\"mhh-mcn-badge mhh-mcn-badge--flat mhh-mcn-badge--time-to-read\">\n    \n<svg width=\"1em\" height=\"1em\" class=\"mh-icon mh-icon--kind-generic mh-icon--name-watch mh-icon--watch\" role=\"img\" aria-labelledby=\"mh-icon-69f37b510906f-time_to_read\" aria-hidden=\"false\">\n            <title id=\"mh-icon-69f37b510906f-time_to_read\">\n            time to read        <\/title>\n    \n    \n    <use xlink:href=\"https:\/\/www.msdconnect.be\/nl\/wp-content\/themes\/cex-wpvip-mhh-mconnect-theme-new-3.0\/modules\/icons\/resources\/icons\/svg\/generic\/watch.svg#watch\"><\/use>\n<\/svg>\n    &lt; 1 min read<\/span>\n                                    <\/div>\n                \t\t<\/div>\n\t\t<div class=\"content-item__content-footer\">\n\t\t\t\t\t\t\t\t\t\t\t<\/div>\n\t<\/div>\n\n    <\/article>\n\t<\/li>\n\t\n\n\t<li class=\"grid-item\">\n\t\t<article\n    class=\"content-item content-item-type-post is-card-style content-item--text-align-center is-display-media-style has-featured-image has-background has-white-background-color has-link post-28450 post type-post status-publish format-standard has-post-thumbnail hentry category-uncategorized\">\n\t\t\t<div class=\"content-item__media-container\">\n\t\t\t<div class=\"content-media\">\n\t\t\t\t<div class=\"content-media__inner\">\n\t\t\t\t\t<img loading=\"lazy\" decoding=\"async\" width=\"635\" height=\"475\" src=\"https:\/\/www.msdconnect.be\/nl\/wp-content\/uploads\/sites\/34\/2022\/04\/Danielle-Derijcke.jpg?w=635&amp;h=475&amp;crop=1\" class=\"content-media__image\" alt=\"Danielle Derijcke\" srcset=\"https:\/\/www.msdconnect.be\/nl\/wp-content\/uploads\/sites\/34\/2022\/04\/Danielle-Derijcke.jpg 640w, https:\/\/www.msdconnect.be\/nl\/wp-content\/uploads\/sites\/34\/2022\/04\/Danielle-Derijcke.jpg?resize=300,225 300w, https:\/\/www.msdconnect.be\/nl\/wp-content\/uploads\/sites\/34\/2022\/04\/Danielle-Derijcke.jpg?resize=320,240 320w, https:\/\/www.msdconnect.be\/nl\/wp-content\/uploads\/sites\/34\/2022\/04\/Danielle-Derijcke.jpg?resize=120,90 120w, https:\/\/www.msdconnect.be\/nl\/wp-content\/uploads\/sites\/34\/2022\/04\/Danielle-Derijcke.jpg?resize=180,135 180w, https:\/\/www.msdconnect.be\/nl\/wp-content\/uploads\/sites\/34\/2022\/04\/Danielle-Derijcke.jpg?resize=635,475 635w\" sizes=\"auto, (max-width: 635px) 100vw, 635px\" \/>\t\t\t\t<\/div>\n\t\t\t<\/div>\n\t\t<\/div>\n\t\n    \n    <div class=\"content-item__content-container\">\n\t\t<div class=\"content-item__content-body\">\n\t\t\t\t\t\t\t\t\t<header class=\"content-item__header\">\n\t\t\t\t<span\n\t\t\t\t\tclass=\"content-item__content-type content-type  content-type--post\">\n\t\t\t\t\t<span class=\"content-type__icon\">\n                                            <\/span>\n\t\t\t\t\t\t\t\t\t<\/span>\n\t\t\t\t<h2 class=\"content-item__title\" data-enterprise-id=\"currentHeader\">\n\t\t\t\t\t\t\t\t\t\t\t<a href=\"https:\/\/www.msdconnect.be\/nl\/2022\/04\/14\/patientengemeenschappen-zijn-vitaal-voor-ons-werk\/\"\n                            class=\"content-item__title-link\"\n                            target=\"_self\"\n                            rel=\"\"\n\t\t\t\t\t\t\t              >\n                            \u201cIntegratie van het pati\u00ebntenperspectief is vitaal voor ons werk.\u201d                        <\/a>\n\t\t\t\t\t\t\t\t\t<\/h2>\n\t\t\t\t\t\t\t<\/header>\n\t\t\t\n                                            <div class=\"content-item__content-meta badge-container\">                                                                <div class=\"content-item__dates badge badge--flat badge--dates\">\n                                                        <span class=\"content-item__dates--start badge--dates__start\">\n                                14 april 2022                            <\/span>\n                                                                                                        <\/div>\n                                        <span class=\"mhh-mcn-badge mhh-mcn-badge--flat mhh-mcn-badge--time-to-read\">\n    \n<svg width=\"1em\" height=\"1em\" class=\"mh-icon mh-icon--kind-generic mh-icon--name-watch mh-icon--watch\" role=\"img\" aria-labelledby=\"mh-icon-69f37b510e00f-time_to_read\" aria-hidden=\"false\">\n            <title id=\"mh-icon-69f37b510e00f-time_to_read\">\n            time to read        <\/title>\n    \n    \n    <use xlink:href=\"https:\/\/www.msdconnect.be\/nl\/wp-content\/themes\/cex-wpvip-mhh-mconnect-theme-new-3.0\/modules\/icons\/resources\/icons\/svg\/generic\/watch.svg#watch\"><\/use>\n<\/svg>\n    3 min read<\/span>\n                                    <\/div>\n                \t\t<\/div>\n\t\t<div class=\"content-item__content-footer\">\n\t\t\t\t\t\t\t\t\t\t\t<\/div>\n\t<\/div>\n\n    <\/article>\n\t<\/li>\n\t\n\t<\/ul>\n<\/nav>\n\n\n\n<h4 class=\"wp-block-heading has-positive-3-font-size  mhh-mcn-v1-heading mhh-mcn-v1-heading--8f8e12d53a30b3ff9429ca21d7164a85\"><strong>Andere categorie\u00ebn<\/strong><\/h4>\n\n\n\n<nav class=\"wp-block-mconnect-theme-curated-content \">\n\t<ul class=\"is-grid-layout has-columns has-two-columns has-top-vertical-alignment\" >\n\t\t\n\n\n\n\t<\/ul>\n<\/nav>\n\n    <\/div>\n<\/section>\n\n\n\n<p class=\"has-negative-1-font-size   mhh-mcn-v1-paragraph mhh-mcn-v1-paragraph--f3ec7777f61ab74111de79dd5cf00716\"><strong>Dit is een mededeling van de laboratoria MSD. Dit nummer werd mogelijk gemaakt dankzij de steun van MSD. De inhoud ervan weerspiegelt de opinie van de auteurs en niet noodzakelijk deze van MSD.<\/strong><\/p>\n","protected":false},"excerpt":{"rendered":"<p>Meer dan ooit wordt de pati\u00ebnt gewaardeerd in zijn rol als expert van zijn eigen ziekte. Aan artsen en verpleegkundigen [&hellip;]<\/p>\n","protected":false},"author":23098,"featured_media":28457,"comment_status":"closed","ping_status":"closed","sticky":false,"template":"","format":"standard","meta":{"_mhh_sticky_footer_settings":{"entityId":0},"_mhh_sticky_footer_posts":"","_mhh_sticky_footer_expanded":false,"_mhh_mcn_text_direction":"","_mhh_mcn_language":"","_mhh_mcn_left_sidebar_settings":{"entityId":0},"_mhh_mcn_sidebar_settings":{"entityId":0},"mhh_mcn_side_navigation_style":{"fontSize":{"l":"","m":"","s":""},"lineHeight":{"l":1.5,"m":1.5,"s":1.5},"itemColor":"","hoverItemColor":"","currentItemColor":"","borderItemColor":"","backgroundItemHoverColor":"","themeColor":""},"_mhh_mcn_child_page_navigation":{"isActive":false,"isSticky":false},"hide_header":false,"show_top_bar":false,"hide_footer":false,"full_width_layout":false,"icon":null,"job_code":"","hide_featured_image":true,"primary_tag":0,"editor_notices":[],"footnotes":"","sidebar_toogle":0,"sidebar_toogle_notification_warning":true,"sidebar_toogle_notification_alert":true,"content_expiration_sidebar_date":"","content_expiration_sidebar_expired_post_status":"","content_expiration_sidebar_redirection":""},"categories":[1],"tags":[],"ga4_page_audience":[],"ga4_page_birn_id":[],"ga4_page_branding":[],"ga4_page_businessunit":[],"ga4_page_campaign":[],"ga4_page_content_purpose":[],"ga4_page_customer_journey_stage":[],"ga4_page_customer_specialty":[],"ga4_page_experience":[],"ga4_page_indication":[],"ga4_page_material_intent":[],"ga4_page_product":[],"ga4_page_region":[],"ga4_page_therapeuticarea":[1706],"tx-therapeutic-area":[],"tx-product":[],"tx-pathology":[],"tx-content-type":[629],"tx-active-ingredient":[],"mhh-area-of-interest":[],"access":[],"user_status":[4],"user_role":[],"class_list":["post-28454","post","type-post","status-publish","format-standard","has-post-thumbnail","hentry","category-uncategorized"],"yoast_head":"<!-- This site is optimized with the Yoast SEO plugin v23.9 - https:\/\/yoast.com\/wordpress\/plugins\/seo\/ -->\n<title>\u2018Klare Kijk op Kanker\u2019 een blik vanuit de leefwereld van de pati\u00ebnt - MSD Belgium - NL<\/title>\n<meta name=\"robots\" content=\"index, follow, max-snippet:-1, max-image-preview:large, max-video-preview:-1\" \/>\n<link rel=\"canonical\" href=\"https:\/\/www.msdconnect.be\/nl\/2022\/04\/14\/klare-kijk-op-kanker-een-blik-vanuit-de-leefwereld-van-de-patient\/\" \/>\n<meta property=\"og:locale\" content=\"nl_BE\" \/>\n<meta property=\"og:type\" content=\"article\" \/>\n<meta property=\"og:title\" content=\"\u2018Klare Kijk op Kanker\u2019 een blik vanuit de leefwereld van de pati\u00ebnt - MSD Belgium - NL\" \/>\n<meta property=\"og:description\" content=\"Meer dan ooit wordt de pati\u00ebnt gewaardeerd in zijn rol als expert van zijn eigen ziekte. Aan artsen en verpleegkundigen [&hellip;]\" \/>\n<meta property=\"og:url\" content=\"https:\/\/www.msdconnect.be\/nl\/2022\/04\/14\/klare-kijk-op-kanker-een-blik-vanuit-de-leefwereld-van-de-patient\/\" \/>\n<meta property=\"og:site_name\" content=\"MSD Belgium - NL\" \/>\n<meta property=\"article:published_time\" content=\"2022-04-14T13:38:57+00:00\" \/>\n<meta property=\"article:modified_time\" content=\"2025-01-08T13:34:09+00:00\" \/>\n<meta property=\"og:image\" content=\"https:\/\/www.msdconnect.be\/nl\/wp-content\/uploads\/sites\/34\/2022\/04\/freya_img_640.jpg\" \/>\n\t<meta property=\"og:image:width\" content=\"640\" \/>\n\t<meta property=\"og:image:height\" content=\"480\" \/>\n\t<meta property=\"og:image:type\" content=\"image\/jpeg\" \/>\n<meta name=\"author\" content=\"robgeertsen\" \/>\n<meta name=\"twitter:card\" content=\"summary_large_image\" \/>\n<meta name=\"twitter:label1\" content=\"Geschreven door\" \/>\n\t<meta name=\"twitter:data1\" content=\"robgeertsen\" \/>\n\t<meta name=\"twitter:label2\" content=\"Geschatte leestijd\" \/>\n\t<meta name=\"twitter:data2\" content=\"4 minuten\" \/>\n<script type=\"application\/ld+json\" class=\"yoast-schema-graph\">{\"@context\":\"https:\/\/schema.org\",\"@graph\":[{\"@type\":\"Article\",\"@id\":\"https:\/\/www.msdconnect.be\/nl\/2022\/04\/14\/klare-kijk-op-kanker-een-blik-vanuit-de-leefwereld-van-de-patient\/#article\",\"isPartOf\":{\"@id\":\"https:\/\/www.msdconnect.be\/nl\/2022\/04\/14\/klare-kijk-op-kanker-een-blik-vanuit-de-leefwereld-van-de-patient\/\"},\"author\":{\"name\":\"robgeertsen\",\"@id\":\"https:\/\/www.msdconnect.be\/nl\/#\/schema\/person\/aa3e97b3999b1c51412ce5090190cbdb\"},\"headline\":\"\u2018Klare Kijk op Kanker\u2019 een blik vanuit de leefwereld van de pati\u00ebnt\",\"datePublished\":\"2022-04-14T13:38:57+00:00\",\"dateModified\":\"2025-01-08T13:34:09+00:00\",\"mainEntityOfPage\":{\"@id\":\"https:\/\/www.msdconnect.be\/nl\/2022\/04\/14\/klare-kijk-op-kanker-een-blik-vanuit-de-leefwereld-van-de-patient\/\"},\"wordCount\":639,\"publisher\":{\"@id\":\"https:\/\/www.msdconnect.be\/nl\/#organization\"},\"image\":{\"@id\":\"https:\/\/www.msdconnect.be\/nl\/2022\/04\/14\/klare-kijk-op-kanker-een-blik-vanuit-de-leefwereld-van-de-patient\/#primaryimage\"},\"thumbnailUrl\":\"https:\/\/www.msdconnect.be\/nl\/wp-content\/uploads\/sites\/34\/2022\/04\/freya_img_640.jpg\",\"articleSection\":[\"Uncategorized\"],\"inLanguage\":\"nl-BE\"},{\"@type\":\"WebPage\",\"@id\":\"https:\/\/www.msdconnect.be\/nl\/2022\/04\/14\/klare-kijk-op-kanker-een-blik-vanuit-de-leefwereld-van-de-patient\/\",\"url\":\"https:\/\/www.msdconnect.be\/nl\/2022\/04\/14\/klare-kijk-op-kanker-een-blik-vanuit-de-leefwereld-van-de-patient\/\",\"name\":\"\u2018Klare Kijk op Kanker\u2019 een blik vanuit de leefwereld van de pati\u00ebnt - MSD Belgium - NL\",\"isPartOf\":{\"@id\":\"https:\/\/www.msdconnect.be\/nl\/#website\"},\"primaryImageOfPage\":{\"@id\":\"https:\/\/www.msdconnect.be\/nl\/2022\/04\/14\/klare-kijk-op-kanker-een-blik-vanuit-de-leefwereld-van-de-patient\/#primaryimage\"},\"image\":{\"@id\":\"https:\/\/www.msdconnect.be\/nl\/2022\/04\/14\/klare-kijk-op-kanker-een-blik-vanuit-de-leefwereld-van-de-patient\/#primaryimage\"},\"thumbnailUrl\":\"https:\/\/www.msdconnect.be\/nl\/wp-content\/uploads\/sites\/34\/2022\/04\/freya_img_640.jpg\",\"datePublished\":\"2022-04-14T13:38:57+00:00\",\"dateModified\":\"2025-01-08T13:34:09+00:00\",\"breadcrumb\":{\"@id\":\"https:\/\/www.msdconnect.be\/nl\/2022\/04\/14\/klare-kijk-op-kanker-een-blik-vanuit-de-leefwereld-van-de-patient\/#breadcrumb\"},\"inLanguage\":\"nl-BE\",\"potentialAction\":[{\"@type\":\"ReadAction\",\"target\":[\"https:\/\/www.msdconnect.be\/nl\/2022\/04\/14\/klare-kijk-op-kanker-een-blik-vanuit-de-leefwereld-van-de-patient\/\"]}]},{\"@type\":\"ImageObject\",\"inLanguage\":\"nl-BE\",\"@id\":\"https:\/\/www.msdconnect.be\/nl\/2022\/04\/14\/klare-kijk-op-kanker-een-blik-vanuit-de-leefwereld-van-de-patient\/#primaryimage\",\"url\":\"https:\/\/www.msdconnect.be\/nl\/wp-content\/uploads\/sites\/34\/2022\/04\/freya_img_640.jpg\",\"contentUrl\":\"https:\/\/www.msdconnect.be\/nl\/wp-content\/uploads\/sites\/34\/2022\/04\/freya_img_640.jpg\",\"width\":640,\"height\":480,\"caption\":\"freya drawing\"},{\"@type\":\"BreadcrumbList\",\"@id\":\"https:\/\/www.msdconnect.be\/nl\/2022\/04\/14\/klare-kijk-op-kanker-een-blik-vanuit-de-leefwereld-van-de-patient\/#breadcrumb\",\"itemListElement\":[{\"@type\":\"ListItem\",\"position\":1,\"name\":\"Home\",\"item\":\"https:\/\/www.msdconnect.be\/nl\/\"},{\"@type\":\"ListItem\",\"position\":2,\"name\":\"\u2018Klare Kijk op Kanker\u2019 een blik vanuit de leefwereld van de pati\u00ebnt\"}]},{\"@type\":\"WebSite\",\"@id\":\"https:\/\/www.msdconnect.be\/nl\/#website\",\"url\":\"https:\/\/www.msdconnect.be\/nl\/\",\"name\":\"MSD Belgium - NL\",\"description\":\"\",\"publisher\":{\"@id\":\"https:\/\/www.msdconnect.be\/nl\/#organization\"},\"potentialAction\":[{\"@type\":\"SearchAction\",\"target\":{\"@type\":\"EntryPoint\",\"urlTemplate\":\"https:\/\/www.msdconnect.be\/nl\/?s={search_term_string}\"},\"query-input\":{\"@type\":\"PropertyValueSpecification\",\"valueRequired\":true,\"valueName\":\"search_term_string\"}}],\"inLanguage\":\"nl-BE\"},{\"@type\":\"Organization\",\"@id\":\"https:\/\/www.msdconnect.be\/nl\/#organization\",\"name\":\"MSD Belgium\",\"url\":\"https:\/\/www.msdconnect.be\/nl\/\",\"logo\":{\"@type\":\"ImageObject\",\"inLanguage\":\"nl-BE\",\"@id\":\"https:\/\/www.msdconnect.be\/nl\/#\/schema\/logo\/image\/\",\"url\":\"https:\/\/www.msdconnect.be\/nl\/wp-content\/uploads\/sites\/34\/2022\/04\/MSD_Logo_Horizontal_TealGrey_RGB.gif\",\"contentUrl\":\"https:\/\/www.msdconnect.be\/nl\/wp-content\/uploads\/sites\/34\/2022\/04\/MSD_Logo_Horizontal_TealGrey_RGB.gif\",\"width\":340,\"height\":131,\"caption\":\"MSD Belgium\"},\"image\":{\"@id\":\"https:\/\/www.msdconnect.be\/nl\/#\/schema\/logo\/image\/\"}},{\"@type\":\"Person\",\"@id\":\"https:\/\/www.msdconnect.be\/nl\/#\/schema\/person\/aa3e97b3999b1c51412ce5090190cbdb\",\"name\":\"robgeertsen\",\"image\":{\"@type\":\"ImageObject\",\"inLanguage\":\"nl-BE\",\"@id\":\"https:\/\/www.msdconnect.be\/nl\/#\/schema\/person\/image\/\",\"url\":\"https:\/\/secure.gravatar.com\/avatar\/bc07066899fe75e321e3d5fe723fb92f84cc9bacf925bf196f8daa6e2e4ab080?s=96&d=mm&r=g\",\"contentUrl\":\"https:\/\/secure.gravatar.com\/avatar\/bc07066899fe75e321e3d5fe723fb92f84cc9bacf925bf196f8daa6e2e4ab080?s=96&d=mm&r=g\",\"caption\":\"robgeertsen\"},\"url\":\"https:\/\/www.msdconnect.be\/nl\/author\/robgeertsen\/\"}]}<\/script>\n<!-- \/ Yoast SEO plugin. -->","yoast_head_json":{"title":"\u2018Klare Kijk op Kanker\u2019 een blik vanuit de leefwereld van de pati\u00ebnt - MSD Belgium - NL","robots":{"index":"index","follow":"follow","max-snippet":"max-snippet:-1","max-image-preview":"max-image-preview:large","max-video-preview":"max-video-preview:-1"},"canonical":"https:\/\/www.msdconnect.be\/nl\/2022\/04\/14\/klare-kijk-op-kanker-een-blik-vanuit-de-leefwereld-van-de-patient\/","og_locale":"nl_BE","og_type":"article","og_title":"\u2018Klare Kijk op Kanker\u2019 een blik vanuit de leefwereld van de pati\u00ebnt - MSD Belgium - NL","og_description":"Meer dan ooit wordt de pati\u00ebnt gewaardeerd in zijn rol als expert van zijn eigen ziekte. Aan artsen en verpleegkundigen [&hellip;]","og_url":"https:\/\/www.msdconnect.be\/nl\/2022\/04\/14\/klare-kijk-op-kanker-een-blik-vanuit-de-leefwereld-van-de-patient\/","og_site_name":"MSD Belgium - NL","article_published_time":"2022-04-14T13:38:57+00:00","article_modified_time":"2025-01-08T13:34:09+00:00","og_image":[{"width":640,"height":480,"url":"https:\/\/www.msdconnect.be\/nl\/wp-content\/uploads\/sites\/34\/2022\/04\/freya_img_640.jpg","type":"image\/jpeg"}],"author":"robgeertsen","twitter_card":"summary_large_image","twitter_misc":{"Geschreven door":"robgeertsen","Geschatte leestijd":"4 minuten"},"schema":{"@context":"https:\/\/schema.org","@graph":[{"@type":"Article","@id":"https:\/\/www.msdconnect.be\/nl\/2022\/04\/14\/klare-kijk-op-kanker-een-blik-vanuit-de-leefwereld-van-de-patient\/#article","isPartOf":{"@id":"https:\/\/www.msdconnect.be\/nl\/2022\/04\/14\/klare-kijk-op-kanker-een-blik-vanuit-de-leefwereld-van-de-patient\/"},"author":{"name":"robgeertsen","@id":"https:\/\/www.msdconnect.be\/nl\/#\/schema\/person\/aa3e97b3999b1c51412ce5090190cbdb"},"headline":"\u2018Klare Kijk op Kanker\u2019 een blik vanuit de leefwereld van de pati\u00ebnt","datePublished":"2022-04-14T13:38:57+00:00","dateModified":"2025-01-08T13:34:09+00:00","mainEntityOfPage":{"@id":"https:\/\/www.msdconnect.be\/nl\/2022\/04\/14\/klare-kijk-op-kanker-een-blik-vanuit-de-leefwereld-van-de-patient\/"},"wordCount":639,"publisher":{"@id":"https:\/\/www.msdconnect.be\/nl\/#organization"},"image":{"@id":"https:\/\/www.msdconnect.be\/nl\/2022\/04\/14\/klare-kijk-op-kanker-een-blik-vanuit-de-leefwereld-van-de-patient\/#primaryimage"},"thumbnailUrl":"https:\/\/www.msdconnect.be\/nl\/wp-content\/uploads\/sites\/34\/2022\/04\/freya_img_640.jpg","articleSection":["Uncategorized"],"inLanguage":"nl-BE"},{"@type":"WebPage","@id":"https:\/\/www.msdconnect.be\/nl\/2022\/04\/14\/klare-kijk-op-kanker-een-blik-vanuit-de-leefwereld-van-de-patient\/","url":"https:\/\/www.msdconnect.be\/nl\/2022\/04\/14\/klare-kijk-op-kanker-een-blik-vanuit-de-leefwereld-van-de-patient\/","name":"\u2018Klare Kijk op Kanker\u2019 een blik vanuit de leefwereld van de pati\u00ebnt - MSD Belgium - NL","isPartOf":{"@id":"https:\/\/www.msdconnect.be\/nl\/#website"},"primaryImageOfPage":{"@id":"https:\/\/www.msdconnect.be\/nl\/2022\/04\/14\/klare-kijk-op-kanker-een-blik-vanuit-de-leefwereld-van-de-patient\/#primaryimage"},"image":{"@id":"https:\/\/www.msdconnect.be\/nl\/2022\/04\/14\/klare-kijk-op-kanker-een-blik-vanuit-de-leefwereld-van-de-patient\/#primaryimage"},"thumbnailUrl":"https:\/\/www.msdconnect.be\/nl\/wp-content\/uploads\/sites\/34\/2022\/04\/freya_img_640.jpg","datePublished":"2022-04-14T13:38:57+00:00","dateModified":"2025-01-08T13:34:09+00:00","breadcrumb":{"@id":"https:\/\/www.msdconnect.be\/nl\/2022\/04\/14\/klare-kijk-op-kanker-een-blik-vanuit-de-leefwereld-van-de-patient\/#breadcrumb"},"inLanguage":"nl-BE","potentialAction":[{"@type":"ReadAction","target":["https:\/\/www.msdconnect.be\/nl\/2022\/04\/14\/klare-kijk-op-kanker-een-blik-vanuit-de-leefwereld-van-de-patient\/"]}]},{"@type":"ImageObject","inLanguage":"nl-BE","@id":"https:\/\/www.msdconnect.be\/nl\/2022\/04\/14\/klare-kijk-op-kanker-een-blik-vanuit-de-leefwereld-van-de-patient\/#primaryimage","url":"https:\/\/www.msdconnect.be\/nl\/wp-content\/uploads\/sites\/34\/2022\/04\/freya_img_640.jpg","contentUrl":"https:\/\/www.msdconnect.be\/nl\/wp-content\/uploads\/sites\/34\/2022\/04\/freya_img_640.jpg","width":640,"height":480,"caption":"freya drawing"},{"@type":"BreadcrumbList","@id":"https:\/\/www.msdconnect.be\/nl\/2022\/04\/14\/klare-kijk-op-kanker-een-blik-vanuit-de-leefwereld-van-de-patient\/#breadcrumb","itemListElement":[{"@type":"ListItem","position":1,"name":"Home","item":"https:\/\/www.msdconnect.be\/nl\/"},{"@type":"ListItem","position":2,"name":"\u2018Klare Kijk op Kanker\u2019 een blik vanuit de leefwereld van de pati\u00ebnt"}]},{"@type":"WebSite","@id":"https:\/\/www.msdconnect.be\/nl\/#website","url":"https:\/\/www.msdconnect.be\/nl\/","name":"MSD Belgium - NL","description":"","publisher":{"@id":"https:\/\/www.msdconnect.be\/nl\/#organization"},"potentialAction":[{"@type":"SearchAction","target":{"@type":"EntryPoint","urlTemplate":"https:\/\/www.msdconnect.be\/nl\/?s={search_term_string}"},"query-input":{"@type":"PropertyValueSpecification","valueRequired":true,"valueName":"search_term_string"}}],"inLanguage":"nl-BE"},{"@type":"Organization","@id":"https:\/\/www.msdconnect.be\/nl\/#organization","name":"MSD Belgium","url":"https:\/\/www.msdconnect.be\/nl\/","logo":{"@type":"ImageObject","inLanguage":"nl-BE","@id":"https:\/\/www.msdconnect.be\/nl\/#\/schema\/logo\/image\/","url":"https:\/\/www.msdconnect.be\/nl\/wp-content\/uploads\/sites\/34\/2022\/04\/MSD_Logo_Horizontal_TealGrey_RGB.gif","contentUrl":"https:\/\/www.msdconnect.be\/nl\/wp-content\/uploads\/sites\/34\/2022\/04\/MSD_Logo_Horizontal_TealGrey_RGB.gif","width":340,"height":131,"caption":"MSD Belgium"},"image":{"@id":"https:\/\/www.msdconnect.be\/nl\/#\/schema\/logo\/image\/"}},{"@type":"Person","@id":"https:\/\/www.msdconnect.be\/nl\/#\/schema\/person\/aa3e97b3999b1c51412ce5090190cbdb","name":"robgeertsen","image":{"@type":"ImageObject","inLanguage":"nl-BE","@id":"https:\/\/www.msdconnect.be\/nl\/#\/schema\/person\/image\/","url":"https:\/\/secure.gravatar.com\/avatar\/bc07066899fe75e321e3d5fe723fb92f84cc9bacf925bf196f8daa6e2e4ab080?s=96&d=mm&r=g","contentUrl":"https:\/\/secure.gravatar.com\/avatar\/bc07066899fe75e321e3d5fe723fb92f84cc9bacf925bf196f8daa6e2e4ab080?s=96&d=mm&r=g","caption":"robgeertsen"},"url":"https:\/\/www.msdconnect.be\/nl\/author\/robgeertsen\/"}]}},"_links":{"self":[{"href":"https:\/\/www.msdconnect.be\/nl\/wp-json\/wp\/v2\/posts\/28454","targetHints":{"allow":["GET"]}}],"collection":[{"href":"https:\/\/www.msdconnect.be\/nl\/wp-json\/wp\/v2\/posts"}],"about":[{"href":"https:\/\/www.msdconnect.be\/nl\/wp-json\/wp\/v2\/types\/post"}],"author":[{"embeddable":true,"href":"https:\/\/www.msdconnect.be\/nl\/wp-json\/wp\/v2\/users\/23098"}],"replies":[{"embeddable":true,"href":"https:\/\/www.msdconnect.be\/nl\/wp-json\/wp\/v2\/comments?post=28454"}],"version-history":[{"count":4,"href":"https:\/\/www.msdconnect.be\/nl\/wp-json\/wp\/v2\/posts\/28454\/revisions"}],"predecessor-version":[{"id":81946,"href":"https:\/\/www.msdconnect.be\/nl\/wp-json\/wp\/v2\/posts\/28454\/revisions\/81946"}],"wp:featuredmedia":[{"embeddable":true,"href":"https:\/\/www.msdconnect.be\/nl\/wp-json\/wp\/v2\/media\/28457"}],"wp:attachment":[{"href":"https:\/\/www.msdconnect.be\/nl\/wp-json\/wp\/v2\/media?parent=28454"}],"wp:term":[{"taxonomy":"category","embeddable":true,"href":"https:\/\/www.msdconnect.be\/nl\/wp-json\/wp\/v2\/categories?post=28454"},{"taxonomy":"post_tag","embeddable":true,"href":"https:\/\/www.msdconnect.be\/nl\/wp-json\/wp\/v2\/tags?post=28454"},{"taxonomy":"ga4_page_audience","embeddable":true,"href":"https:\/\/www.msdconnect.be\/nl\/wp-json\/wp\/v2\/ga4_page_audience?post=28454"},{"taxonomy":"ga4_page_birn_id","embeddable":true,"href":"https:\/\/www.msdconnect.be\/nl\/wp-json\/wp\/v2\/ga4_page_birn_id?post=28454"},{"taxonomy":"ga4_page_branding","embeddable":true,"href":"https:\/\/www.msdconnect.be\/nl\/wp-json\/wp\/v2\/ga4_page_branding?post=28454"},{"taxonomy":"ga4_page_businessunit","embeddable":true,"href":"https:\/\/www.msdconnect.be\/nl\/wp-json\/wp\/v2\/ga4_page_businessunit?post=28454"},{"taxonomy":"ga4_page_campaign","embeddable":true,"href":"https:\/\/www.msdconnect.be\/nl\/wp-json\/wp\/v2\/ga4_page_campaign?post=28454"},{"taxonomy":"ga4_page_content_purpose","embeddable":true,"href":"https:\/\/www.msdconnect.be\/nl\/wp-json\/wp\/v2\/ga4_page_content_purpose?post=28454"},{"taxonomy":"ga4_page_customer_journey_stage","embeddable":true,"href":"https:\/\/www.msdconnect.be\/nl\/wp-json\/wp\/v2\/ga4_page_customer_journey_stage?post=28454"},{"taxonomy":"ga4_page_customer_specialty","embeddable":true,"href":"https:\/\/www.msdconnect.be\/nl\/wp-json\/wp\/v2\/ga4_page_customer_specialty?post=28454"},{"taxonomy":"ga4_page_experience","embeddable":true,"href":"https:\/\/www.msdconnect.be\/nl\/wp-json\/wp\/v2\/ga4_page_experience?post=28454"},{"taxonomy":"ga4_page_indication","embeddable":true,"href":"https:\/\/www.msdconnect.be\/nl\/wp-json\/wp\/v2\/ga4_page_indication?post=28454"},{"taxonomy":"ga4_page_material_intent","embeddable":true,"href":"https:\/\/www.msdconnect.be\/nl\/wp-json\/wp\/v2\/ga4_page_material_intent?post=28454"},{"taxonomy":"ga4_page_product","embeddable":true,"href":"https:\/\/www.msdconnect.be\/nl\/wp-json\/wp\/v2\/ga4_page_product?post=28454"},{"taxonomy":"ga4_page_region","embeddable":true,"href":"https:\/\/www.msdconnect.be\/nl\/wp-json\/wp\/v2\/ga4_page_region?post=28454"},{"taxonomy":"ga4_page_therapeuticarea","embeddable":true,"href":"https:\/\/www.msdconnect.be\/nl\/wp-json\/wp\/v2\/ga4_page_therapeuticarea?post=28454"},{"taxonomy":"tx-therapeutic-area","embeddable":true,"href":"https:\/\/www.msdconnect.be\/nl\/wp-json\/wp\/v2\/tx-therapeutic-area?post=28454"},{"taxonomy":"tx-product","embeddable":true,"href":"https:\/\/www.msdconnect.be\/nl\/wp-json\/wp\/v2\/tx-product?post=28454"},{"taxonomy":"tx-pathology","embeddable":true,"href":"https:\/\/www.msdconnect.be\/nl\/wp-json\/wp\/v2\/tx-pathology?post=28454"},{"taxonomy":"tx-content-type","embeddable":true,"href":"https:\/\/www.msdconnect.be\/nl\/wp-json\/wp\/v2\/tx-content-type?post=28454"},{"taxonomy":"tx-active-ingredient","embeddable":true,"href":"https:\/\/www.msdconnect.be\/nl\/wp-json\/wp\/v2\/tx-active-ingredient?post=28454"},{"taxonomy":"mhh-area-of-interest","embeddable":true,"href":"https:\/\/www.msdconnect.be\/nl\/wp-json\/wp\/v2\/mhh-area-of-interest?post=28454"},{"taxonomy":"access","embeddable":true,"href":"https:\/\/www.msdconnect.be\/nl\/wp-json\/wp\/v2\/access?post=28454"},{"taxonomy":"user_status","embeddable":true,"href":"https:\/\/www.msdconnect.be\/nl\/wp-json\/wp\/v2\/user_status?post=28454"},{"taxonomy":"user_role","embeddable":true,"href":"https:\/\/www.msdconnect.be\/nl\/wp-json\/wp\/v2\/user_role?post=28454"}],"curies":[{"name":"wp","href":"https:\/\/api.w.org\/{rel}","templated":true}]}}