{"id":8436,"date":"2021-06-14T20:52:32","date_gmt":"2021-06-14T20:52:32","guid":{"rendered":"https:\/\/www.msdconnect.be\/fr\/?p=8436"},"modified":"2025-01-08T11:36:20","modified_gmt":"2025-01-08T11:36:20","slug":"il-faut-ameliorer-la-place-des-pharmaciens-hospitaliers-dans-lhopital-abph","status":"publish","type":"post","link":"https:\/\/www.msdconnect.be\/fr\/2021\/06\/14\/il-faut-ameliorer-la-place-des-pharmaciens-hospitaliers-dans-lhopital-abph\/","title":{"rendered":"\u00ab Il faut am\u00e9liorer la place des pharmaciens hospitaliers dans l\u2019h\u00f4pital \u00bb (ABPH)"},"content":{"rendered":"\n<figure class=\"wp-block-image size-large is-resized\" id=\"backtop\"><img loading=\"lazy\" decoding=\"async\" src=\"https:\/\/www.msdconnect.be\/fr\/wp-content\/uploads\/sites\/15\/2021\/06\/dominique_wouters.png?w=567\" alt=\"Woman smiling\" class=\"wp-image-8349\" width=\"858\" height=\"570\" srcset=\"https:\/\/www.msdconnect.be\/fr\/wp-content\/uploads\/sites\/15\/2021\/06\/dominique_wouters.png 567w, https:\/\/www.msdconnect.be\/fr\/wp-content\/uploads\/sites\/15\/2021\/06\/dominique_wouters.png?resize=300,199 300w, https:\/\/www.msdconnect.be\/fr\/wp-content\/uploads\/sites\/15\/2021\/06\/dominique_wouters.png?resize=320,213 320w, https:\/\/www.msdconnect.be\/fr\/wp-content\/uploads\/sites\/15\/2021\/06\/dominique_wouters.png?resize=120,80 120w\" sizes=\"auto, (max-width: 858px) 100vw, 858px\" \/><\/figure>\n\n\n\n<p class=\"has-text-align-justify mhh-mcn-v1-paragraph--justify  mhh-mcn-v1-paragraph mhh-mcn-v1-paragraph--7351049bdd4c0afda286a441222b0ddb\">Au coeur de l\u2019h\u00f4pital, le circuit des m\u00e9dicaments et des dispositifs m\u00e9dicaux a une importance primordiale pour les m\u00e9decins, les infirmiers et les patients. \u00ab&nbsp;<em>Les diff\u00e9rents services et directions hospitali\u00e8res doivent \u00eates conscients du travail effectu\u00e9 dans l\u2019ombre par les pharmaciens hospitaliers&nbsp;<\/em>\u00bb rappelle Dominique Wouters, Pr\u00e9sidente de l\u2019Association belge des pharmaciens hospitaliers (ABPH-BVZA)<\/p>\n\n\n\n<p class=\"has-text-align-justify mhh-mcn-v1-paragraph--justify  mhh-mcn-v1-paragraph mhh-mcn-v1-paragraph--b6efd5829146425124a2678774fcd29b\">Les pharmaciens hospitaliers veillent sur la validation pharmaceutique de la prescription, sur les pr\u00e9parations pr\u00eates \u00e0 l\u2019emploi ainsi que et sur l\u2019approvisionnement des stocks en permanence.&nbsp; La Pr\u00e9sidente de l\u2019Association belge des pharmaciens hospitaliers (ABPH-BVZA), Dominique Wouters conna\u00eet la musique&nbsp;:&nbsp;<em>\u00ab Depuis 1985, je suis pharmacien hospitali\u00e8re. Ce m\u00e9tier a \u00e9videmment beaucoup \u00e9volu\u00e9 au fil des ann\u00e9es&nbsp;notamment par le d\u00e9veloppement de la pharmacie clinique et l\u2019int\u00e9gration des moyens technologiques comme la prescription \u00e9lectronique, le d\u00e9veloppement du dossier patient, l\u2019automatisation de la pr\u00e9paration des traitements de patients&#8230;.&nbsp;<\/em>\u00bb<\/p>\n\n\n\n<p class=\"   mhh-mcn-v1-paragraph mhh-mcn-v1-paragraph--bd59a9f893a90eb340c1567f6ce77de1\"><strong>Un m\u00e9tier complexe<\/strong><\/p>\n\n\n\n<p class=\"has-text-align-justify mhh-mcn-v1-paragraph--justify  mhh-mcn-v1-paragraph mhh-mcn-v1-paragraph--f7d71f5dae2f58a2c3b61c7ae91cf480\">Au quotidien, la t\u00e2che du pharmacien hospitalier est souvent plus vaste et complexe que l\u2019on peut le penser&nbsp;: \u00ab&nbsp;<em>Les demandes de collaboration intra hospitali\u00e8re que nous recevons sont nombreuses&nbsp;notamment au niveau de l\u2019exercice de la pharmacie clinique. La d\u00e9livrance des produits va du m\u00e9dicament, en passant par la trousse \u00e0 perfusion ou l\u2019oxyg\u00e8ne jusqu\u2019aux pacemakers miniaturis\u00e9s intra-cardiaques&#8230;c\u2019est vrai qu\u2019on imagine pas toujours que le pharmacien hospitalier est responsable de ces aspects l\u00e0. D\u2019ailleurs, il n\u2019y a qu\u2019en Belgique et en France que le pharmacien s\u2019occupe des dispositifs m\u00e9dicaux et de la st\u00e9rilisation<\/em>\u00bb<\/p>\n\n\n\n<p class=\"   mhh-mcn-v1-paragraph mhh-mcn-v1-paragraph--21e8ffb9a3706250a7378dc8af12c074\"><strong>Multiples collaborations<\/strong><\/p>\n\n\n\n<p class=\"has-text-align-justify mhh-mcn-v1-paragraph--justify  mhh-mcn-v1-paragraph mhh-mcn-v1-paragraph--5b9baec97ce41cb0a553d7268d3a046f\">La collaboration des pharmaciens hospitali\u00e8res au sein de l\u2019institution&nbsp; est multidisciplinaire entre autres de par l\u2019existence de nombreux comit\u00e9s (Comit\u00e9 M\u00e9dicoPharmaceutique, Comit\u00e9 de mat\u00e9riel m\u00e9dical, comit\u00e9 d\u2019\u00e9thique, hygi\u00e8ne hosp\u2026..): \u00ab&nbsp;<em>Cela va de la gestion financi\u00e8re de l\u2019officine hospitali\u00e8re en collaboration avec la direction financi\u00e8re, le budget, la direction m\u00e9dicale et g\u00e9n\u00e9rale, au contr\u00f4le facturation des fournisseurs et des factures patients, aux forfaits \u00e0 discuter avec les organismes assureurs ou encore le suivi de tra\u00e7abilit\u00e9 des m\u00e9dicaments, des implants et la logistique qui entoure ces diff\u00e9rents aspects.&nbsp;<\/em>\u00bb<\/p>\n\n\n\n<p class=\"   mhh-mcn-v1-paragraph mhh-mcn-v1-paragraph--855594ead714d98eb40c6ec8e42c287b\"><strong>Un volet financier important pour la direction<\/strong><\/p>\n\n\n\n<p class=\"has-text-align-justify mhh-mcn-v1-paragraph--justify  mhh-mcn-v1-paragraph mhh-mcn-v1-paragraph--092660b2b4240619a6ad6ca14e29bd6e\">Suite \u00e0 la prise en charge des pr\u00e9parations et ou la d\u00e9livrance pour les patients canc\u00e9reux, les maladies m\u00e9taboliques rares, les maladies chroniques, la relation avec les m\u00e9decins est essentielle. La place de ce d\u00e9partement est centrale dans l\u2019h\u00f4pital&nbsp;: \u00ab&nbsp;<em>Suivant les institutions, la part de la pharmacie dans le chiffre d\u2019affaire peut varier de 12-13% jusqu\u2019\u00e0 20% pour les h\u00f4pitaux avec une importante activit\u00e9 d\u2019h\u00f4pitaux de jours. Quand j\u2019ai commenc\u00e9, la pharmacie d\u2019h\u00f4pital n\u2019\u00e9tait qu\u2019\u00e0 usage interne, aujourd\u2019hui, pour les m\u00e9dicaments qui co\u00fbtent chers, la d\u00e9livrance est souvent hospitali\u00e8re. Notre pharmacie accueille jusqu\u2019\u00e0 100 patients par jour.&nbsp;<\/em>\u00bb<\/p>\n\n\n\n<p class=\"   mhh-mcn-v1-paragraph mhh-mcn-v1-paragraph--df47e5616d262365d2cd953d5795231a\"><strong>Une v\u00e9ritable \u00e9quipe<\/strong><\/p>\n\n\n\n<p class=\"has-text-align-justify mhh-mcn-v1-paragraph--justify  mhh-mcn-v1-paragraph mhh-mcn-v1-paragraph--675a5e3186045abf8f16d15daa847da6\">Pour le d\u00e9partement des ressources humaines d\u2019un h\u00f4pital, la gestion de la pharmacie hospitali\u00e8re est aussi un poste important&nbsp;: \u00ab&nbsp;<em>Au d\u00e9partement \u00ab&nbsp;Pharmacie des Cliniques universitaires Saint-Luc&nbsp;\u00bb que je dirige, on est 65 \u00e9quivalents temps plein. En terme de personnes, notre \u00e9quipe se compose de 23 pharmaciens hospitaliers, mais aussi d\u2019aides administratives, d\u2019assistants en pharmacie, de magasiniers et d\u2019op\u00e9rateurs de production, de r\u00e9f\u00e9rents informatiques&#8230;&nbsp;<\/em>\u00bb<\/p>\n\n\n\n<p class=\"   mhh-mcn-v1-paragraph mhh-mcn-v1-paragraph--d150ccc5cb21daff59c0da6a58cc9f46\"><strong>La p\u00e9nurie<\/strong><\/p>\n\n\n\n<p class=\"has-text-align-justify mhh-mcn-v1-paragraph--justify  mhh-mcn-v1-paragraph mhh-mcn-v1-paragraph--ac3f9c99845ade74ca810b9188317ef2\">Aujourd\u2019hui, le pays compte 950 pharmaciens hospitaliers sur l\u2019ensemble du pays dont 60% n\u00e9erlandophones&#8230;et 40% de francophones. \u00ab&nbsp;<em>Il n\u2019y&nbsp; a que 50 pharmaciens hospitaliers qui sortent par an. Ce nombre est insuffisant pour la demande actuelle. Aujourd\u2019hui, trois h\u00f4pitaux de Bruxelles (Erasme, Brugmann et le Chirec) en cherchent chacun un&nbsp;<\/em>!<\/p>\n\n\n\n<p class=\"has-text-align-justify mhh-mcn-v1-paragraph--justify  mhh-mcn-v1-paragraph mhh-mcn-v1-paragraph--66a9e074cfa0d03c650b27b2a6d904ca\"><em>En attendant, on engage temporairement des pharmaciens non hospitaliers&#8230;&nbsp;<\/em>\u00bb<\/p>\n\n\n\n<p class=\"has-text-align-justify mhh-mcn-v1-paragraph--justify  mhh-mcn-v1-paragraph mhh-mcn-v1-paragraph--433844b4a8809f9ff44c87bb5fab6c66\">L\u2019Association belge des pharmaciens hospitaliers (ABPH-BVZA) existe depuis les ann\u00e9es 60, elle est soutenue par les deux associations r\u00e9gionales le VZA (Vlaamse vereniging van Ziekenhuisapothekers) et l\u2019AFPHB (Association francophone des Pharmaciens Hospitaliers de Belgique): \u00ab&nbsp;<em>On poursuit nos combats pour faire pleinement reconna\u00eetre notre profession au niveau national et au sein des institutions de soins. Dans beaucoup d\u2019h\u00f4pitaux malgr\u00e9 le chiffre d\u2019affaire important de la pharmacie et les nombreuses responsabilit\u00e9s des pharmaciens hospitaliers, le pharmacien titulaire ne fait souvent pas partie du comit\u00e9 de direction, il serait logique d\u2019amorcer un changement&nbsp;!<\/em>\u00bb<\/p>\n\n\n\n<div style=\"height:34px\" aria-hidden=\"true\" class=\"wp-block-spacer\"><\/div>\n\n\n\n<p class=\"   mhh-mcn-v1-paragraph mhh-mcn-v1-paragraph--748c10b4ae3db5cb185b4e3b0a4fee83\"><strong><strong>Dossier Pharmacie Hospitali\u00e8re<\/strong><\/strong>:<\/p>\n\n\n\n<ul class=\"has-dot-list-style-type mhh-mcn-list wp-block-list\"><li><strong><a href=\"https:\/\/www.msdconnect.be\/fr\/2021\/06\/14\/les-reseaux-hospitaliers-un-des-nouveaux-defis-de-la-pharmacie-hospitaliere\/\">Les r&eacute;seaux hospitaliers&nbsp;: un des nouveaux d&eacute;fis de la pharmacie hospitali&egrave;re<\/a><\/strong><\/li><li><strong><a href=\"https:\/\/www.msdconnect.be\/fr\/2021\/06\/14\/le-robot-a-reduit-les-erreurs-de-delivrance\/\">Le Robot a r&eacute;duit les erreurs de d&eacute;livrance<\/a><\/strong><\/li><\/ul>\n\n\n\n<div style=\"height:34px\" aria-hidden=\"true\" class=\"wp-block-spacer\"><\/div>\n\n\n\n<p class=\"has-negative-1-font-size mhh-mcn-v1-paragraph--center  mhh-mcn-v1-paragraph mhh-mcn-v1-paragraph--b1ec666a4b22c14825536a3b2f102ec7\">Ceci est une communication des laboratoires MSD.<br>Ce num\u00e9ro a \u00e9t\u00e9 r\u00e9alis\u00e9 gr\u00e2ce au support de MSD. Son contenu refl\u00e8te l\u2019opinion des auteurs mais pas n\u00e9cessairement celle de MSD.<\/p>\n\n\n\n<section class=\"wp-block-mconnect-theme-section has-light-grey-background-color has-background sub__entry__content wp-block-mconnect-theme-section--align-full has-red-border-color\">\n\t<div class=\"mhh-mcn-container\">\n\t\t\n\n<nav class=\"wp-block-mconnect-theme-grid \">\n\t<ul class=\"is-grid-layout has-columns has-two-columns has-center-vertical-alignment\" >\n\t\t\n\n<li class=\"wp-block-mconnect-theme-grid-item grid-item has-red-border-color\">\n\t<div class=\"sub__entry__content\">\n\t\t\n\n<h3 class=\"wp-block-heading  mhh-mcn-v1-heading mhh-mcn-v1-heading--954e82dce6ab1964108011c1323268ce\"><strong> <strong>Articles connexes<\/strong> <\/strong><\/h3>\n\n\t<\/div>\n<\/li>\n\n\n\n<li class=\"wp-block-mconnect-theme-grid-item grid-item has-red-border-color\">\n\t<div class=\"sub__entry__content\">\n\t\t\n\n<div class=\"wp-block-buttons alignright is-layout-flex wp-block-buttons-is-layout-flex\">\n<div class=\"wp-block-button is-style-secondary\"><a class=\"wp-block-button__link wp-element-button\" href=\"https:\/\/www.msdconnect.be\/fr\/hospital-connect\/\">Voir plus<\/a><\/div>\n<\/div>\n\n\t<\/div>\n<\/li>\n\n\t<\/ul>\n<\/nav>\n\n\n\n<nav class=\"wp-block-mconnect-theme-queried-content\">\n\t\t\t<ul class=\"is-grid-layout has-columns has-two-columns has-top-vertical-alignment\">\n\t\t\t\t\t\t\t\t\t\t\t\t<li class=\"grid-item\">\n\t\t\t\t\t\t<article\n    class=\"content-item content-item-type-post is-display-media-style has-featured-image has-background has-white-background-color has-link post-55930 post type-post status-publish format-standard has-post-thumbnail hentry category-uncategorized\">\n\t\t\t<div class=\"content-item__media-container\">\n\t\t\t<div class=\"content-media\">\n\t\t\t\t<div class=\"content-media__inner\">\n\t\t\t\t\t<img loading=\"lazy\" decoding=\"async\" width=\"635\" height=\"475\" src=\"https:\/\/www.msdconnect.be\/fr\/wp-content\/uploads\/sites\/15\/2023\/01\/output-005.jpg?w=635&amp;h=475&amp;crop=1\" class=\"content-media__image\" alt=\"\" srcset=\"https:\/\/www.msdconnect.be\/fr\/wp-content\/uploads\/sites\/15\/2023\/01\/output-005.jpg?resize=180,135 180w, https:\/\/www.msdconnect.be\/fr\/wp-content\/uploads\/sites\/15\/2023\/01\/output-005.jpg?resize=635,475 635w\" sizes=\"auto, (max-width: 635px) 100vw, 635px\" \/>\t\t\t\t<\/div>\n\t\t\t<\/div>\n\t\t<\/div>\n\t\n    \n    <div class=\"content-item__content-container\">\n\t\t<div class=\"content-item__content-body\">\n\t\t\t\t\t\t\t\t\t<header class=\"content-item__header\">\n\t\t\t\t<span\n\t\t\t\t\tclass=\"content-item__content-type content-type  content-type--post\">\n\t\t\t\t\t<span class=\"content-type__icon\">\n                                            <\/span>\n\t\t\t\t\t\t\t\t\t<\/span>\n\t\t\t\t<h2 class=\"content-item__title\" data-enterprise-id=\"currentHeader\">\n\t\t\t\t\t\t\t\t\t\t\t<a href=\"https:\/\/www.msdconnect.be\/fr\/2023\/01\/17\/reseaux-hospitaliers-des-synergies-a-developper\/\"\n                            class=\"content-item__title-link\"\n                            target=\"_self\"\n                            rel=\"\"\n\t\t\t\t\t\t\t              >\n                            Re\u0301seaux hospitaliers: des synergies a\u0300 de\u0301velopper                        <\/a>\n\t\t\t\t\t\t\t\t\t<\/h2>\n\t\t\t\t\t\t\t<\/header>\n\t\t\t\t\t\t\t<p class=\"content-item__excerpt\">Depuis l\u2019accord de gouvernement du 11 octobre 2014, les r\u00e9seaux hospitaliers ont accompli du chemin. L\u2019objectif \u00e9tait clairement d\u2019amener davantage de qualit\u00e9 et d\u2019efficience dans les soins. Comme l\u2019a  [&hellip;]<\/p>\n\t\t\t\n                                            <div class=\"content-item__content-meta badge-container\">                                                                <div class=\"content-item__dates badge badge--flat badge--dates\">\n                                                        <span class=\"content-item__dates--start badge--dates__start\">\n                                17 janvier 2023                            <\/span>\n                                                                                                        <\/div>\n                                        <span class=\"mhh-mcn-badge mhh-mcn-badge--flat mhh-mcn-badge--time-to-read\">\n    \n<svg width=\"1em\" height=\"1em\" class=\"mh-icon mh-icon--kind-generic mh-icon--name-watch mh-icon--watch\" role=\"img\" aria-labelledby=\"mh-icon-69f0fa1846a6e-time_to_read\" aria-hidden=\"false\">\n            <title id=\"mh-icon-69f0fa1846a6e-time_to_read\">\n            time to read        <\/title>\n    \n    \n    <use xlink:href=\"https:\/\/www.msdconnect.be\/fr\/wp-content\/themes\/cex-wpvip-mhh-mconnect-theme-new-3.0\/modules\/icons\/resources\/icons\/svg\/generic\/watch.svg#watch\"><\/use>\n<\/svg>\n    4 min read<\/span>\n                                    <\/div>\n                \t\t<\/div>\n\t\t<div class=\"content-item__content-footer\">\n\t\t\t\t\t\t\t\t\t\t\t<\/div>\n\t<\/div>\n\n    <\/article>\n\t\t\t\t\t<\/li>\n\t\t\t\t\t\t\t\t\t\t\t\t\t\t\t\t\t<li class=\"grid-item\">\n\t\t\t\t\t\t<article\n    class=\"content-item content-item-type-post is-display-media-style has-featured-image has-background has-white-background-color has-link post-55922 post type-post status-publish format-standard has-post-thumbnail hentry category-uncategorized\">\n\t\t\t<div class=\"content-item__media-container\">\n\t\t\t<div class=\"content-media\">\n\t\t\t\t<div class=\"content-media__inner\">\n\t\t\t\t\t<img loading=\"lazy\" decoding=\"async\" width=\"635\" height=\"475\" src=\"https:\/\/www.msdconnect.be\/fr\/wp-content\/uploads\/sites\/15\/2023\/01\/output-004.jpg?w=635&amp;h=475&amp;crop=1\" class=\"content-media__image\" alt=\"\" srcset=\"https:\/\/www.msdconnect.be\/fr\/wp-content\/uploads\/sites\/15\/2023\/01\/output-004.jpg?resize=180,135 180w, https:\/\/www.msdconnect.be\/fr\/wp-content\/uploads\/sites\/15\/2023\/01\/output-004.jpg?resize=635,475 635w\" sizes=\"auto, (max-width: 635px) 100vw, 635px\" \/>\t\t\t\t<\/div>\n\t\t\t<\/div>\n\t\t<\/div>\n\t\n    \n    <div class=\"content-item__content-container\">\n\t\t<div class=\"content-item__content-body\">\n\t\t\t\t\t\t\t\t\t<header class=\"content-item__header\">\n\t\t\t\t<span\n\t\t\t\t\tclass=\"content-item__content-type content-type  content-type--post\">\n\t\t\t\t\t<span class=\"content-type__icon\">\n                                            <\/span>\n\t\t\t\t\t\t\t\t\t<\/span>\n\t\t\t\t<h2 class=\"content-item__title\" data-enterprise-id=\"currentHeader\">\n\t\t\t\t\t\t\t\t\t\t\t<a href=\"https:\/\/www.msdconnect.be\/fr\/2023\/01\/16\/prevention-cancer-quelle-utilite-dune-communication-dans-lhopital\/\"\n                            class=\"content-item__title-link\"\n                            target=\"_self\"\n                            rel=\"\"\n\t\t\t\t\t\t\t              >\n                            Pre\u0301vention cancer: quelle utilite\u0301 d\u2019une communication dans l\u2019ho\u0302pital?                        <\/a>\n\t\t\t\t\t\t\t\t\t<\/h2>\n\t\t\t\t\t\t\t<\/header>\n\t\t\t\t\t\t\t<p class=\"content-item__excerpt\">Chaque ann\u00e9e, de nombreuses campagnes de pr\u00e9vention contre le cancer sont men\u00e9es par la Fondation contre le Cancer, mais aussi par les diff\u00e9rents services de communication des h\u00f4pitaux. Ont-elles du s  [&hellip;]<\/p>\n\t\t\t\n                                            <div class=\"content-item__content-meta badge-container\">                                                                <div class=\"content-item__dates badge badge--flat badge--dates\">\n                                                        <span class=\"content-item__dates--start badge--dates__start\">\n                                16 janvier 2023                            <\/span>\n                                                                                                        <\/div>\n                                        <span class=\"mhh-mcn-badge mhh-mcn-badge--flat mhh-mcn-badge--time-to-read\">\n    \n<svg width=\"1em\" height=\"1em\" class=\"mh-icon mh-icon--kind-generic mh-icon--name-watch mh-icon--watch\" role=\"img\" aria-labelledby=\"mh-icon-69f0fa1848efb-time_to_read\" aria-hidden=\"false\">\n            <title id=\"mh-icon-69f0fa1848efb-time_to_read\">\n            time to read        <\/title>\n    \n    \n    <use xlink:href=\"https:\/\/www.msdconnect.be\/fr\/wp-content\/themes\/cex-wpvip-mhh-mconnect-theme-new-3.0\/modules\/icons\/resources\/icons\/svg\/generic\/watch.svg#watch\"><\/use>\n<\/svg>\n    4 min read<\/span>\n                                    <\/div>\n                \t\t<\/div>\n\t\t<div class=\"content-item__content-footer\">\n\t\t\t\t\t\t\t\t\t\t\t<\/div>\n\t<\/div>\n\n    <\/article>\n\t\t\t\t\t<\/li>\n\t\t\t\t\t\t\t\t\t\t\t\t\t<\/ul>\n\t<\/nav>\n\n    <\/div>\n<\/section>\n\n\n\n<section class=\"wp-block-mconnect-theme-section has-light-grey-background-color has-background sub__entry__content wp-block-mconnect-theme-section--align-full has-red-border-color\">\n\t<div class=\"mhh-mcn-container\">\n\t\t\n\n<nav class=\"wp-block-mconnect-theme-grid \">\n\t<ul class=\"is-grid-layout has-columns has-two-columns has-center-vertical-alignment\" >\n\t\t\n\n<li class=\"wp-block-mconnect-theme-grid-item grid-item has-red-border-color\">\n\t<div class=\"sub__entry__content\">\n\t\t\n\n<h3 class=\"wp-block-heading  mhh-mcn-v1-heading mhh-mcn-v1-heading--f2e50b3d35063c09e80aff9923192fa6\"><strong>\u00c0 la une<\/strong><\/h3>\n\n\t<\/div>\n<\/li>\n\n\n\n<li class=\"wp-block-mconnect-theme-grid-item grid-item has-red-border-color\">\n\t<div class=\"sub__entry__content\">\n\t\t\n\n<div class=\"wp-block-buttons alignright is-layout-flex wp-block-buttons-is-layout-flex\">\n<div class=\"wp-block-button is-style-secondary\"><a class=\"wp-block-button__link wp-element-button\" href=\"https:\/\/www.msdconnect.be\/fr\/hospital-connect\/\">Voir plus<\/a><\/div>\n<\/div>\n\n\t<\/div>\n<\/li>\n\n\t<\/ul>\n<\/nav>\n\n\n\n<nav class=\"wp-block-mconnect-theme-queried-content\">\n\t\t\t<ul class=\"is-grid-layout has-columns has-two-columns has-top-vertical-alignment\">\n\t\t\t\t\t\t\t\t\t\t\t\t<li class=\"grid-item\">\n\t\t\t\t\t\t<article\n    class=\"content-item content-item-type-post is-card-style content-item--text-align-center is-display-media-style has-featured-image has-background has-white-background-color has-link post-55930 post type-post status-publish format-standard has-post-thumbnail hentry category-uncategorized\">\n\t\t\t<div class=\"content-item__media-container\">\n\t\t\t<div class=\"content-media\">\n\t\t\t\t<div class=\"content-media__inner\">\n\t\t\t\t\t<img loading=\"lazy\" decoding=\"async\" width=\"635\" height=\"475\" src=\"https:\/\/www.msdconnect.be\/fr\/wp-content\/uploads\/sites\/15\/2023\/01\/output-005.jpg?w=635&amp;h=475&amp;crop=1\" class=\"content-media__image\" alt=\"\" srcset=\"https:\/\/www.msdconnect.be\/fr\/wp-content\/uploads\/sites\/15\/2023\/01\/output-005.jpg?resize=180,135 180w, https:\/\/www.msdconnect.be\/fr\/wp-content\/uploads\/sites\/15\/2023\/01\/output-005.jpg?resize=635,475 635w\" sizes=\"auto, (max-width: 635px) 100vw, 635px\" \/>\t\t\t\t<\/div>\n\t\t\t<\/div>\n\t\t<\/div>\n\t\n    \n    <div class=\"content-item__content-container\">\n\t\t<div class=\"content-item__content-body\">\n\t\t\t\t\t\t\t\t\t<header class=\"content-item__header\">\n\t\t\t\t<span\n\t\t\t\t\tclass=\"content-item__content-type content-type  content-type--post\">\n\t\t\t\t\t<span class=\"content-type__icon\">\n                                            <\/span>\n\t\t\t\t\t\t\t\t\t<\/span>\n\t\t\t\t<h2 class=\"content-item__title\" data-enterprise-id=\"currentHeader\">\n\t\t\t\t\t\t\t\t\t\t\t<a href=\"https:\/\/www.msdconnect.be\/fr\/2023\/01\/17\/reseaux-hospitaliers-des-synergies-a-developper\/\"\n                            class=\"content-item__title-link\"\n                            target=\"_self\"\n                            rel=\"\"\n\t\t\t\t\t\t\t              >\n                            Re\u0301seaux hospitaliers: des synergies a\u0300 de\u0301velopper                        <\/a>\n\t\t\t\t\t\t\t\t\t<\/h2>\n\t\t\t\t\t\t\t<\/header>\n\t\t\t\n                                            <div class=\"content-item__content-meta badge-container\">                                                                <div class=\"content-item__dates badge badge--flat badge--dates\">\n                                                        <span class=\"content-item__dates--start badge--dates__start\">\n                                17 janvier 2023                            <\/span>\n                                                                                                        <\/div>\n                                        <span class=\"mhh-mcn-badge mhh-mcn-badge--flat mhh-mcn-badge--time-to-read\">\n    \n<svg width=\"1em\" height=\"1em\" class=\"mh-icon mh-icon--kind-generic mh-icon--name-watch mh-icon--watch\" role=\"img\" aria-labelledby=\"mh-icon-69f0fa184bcd9-time_to_read\" aria-hidden=\"false\">\n            <title id=\"mh-icon-69f0fa184bcd9-time_to_read\">\n            time to read        <\/title>\n    \n    \n    <use xlink:href=\"https:\/\/www.msdconnect.be\/fr\/wp-content\/themes\/cex-wpvip-mhh-mconnect-theme-new-3.0\/modules\/icons\/resources\/icons\/svg\/generic\/watch.svg#watch\"><\/use>\n<\/svg>\n    4 min read<\/span>\n                                    <\/div>\n                \t\t<\/div>\n\t\t<div class=\"content-item__content-footer\">\n\t\t\t\t\t\t\t\t\t\t\t<\/div>\n\t<\/div>\n\n    <\/article>\n\t\t\t\t\t<\/li>\n\t\t\t\t\t\t\t\t\t\t\t\t\t\t\t\t\t<li class=\"grid-item\">\n\t\t\t\t\t\t<article\n    class=\"content-item content-item-type-post is-card-style content-item--text-align-center is-display-media-style has-featured-image has-background has-white-background-color has-link post-55922 post type-post status-publish format-standard has-post-thumbnail hentry category-uncategorized\">\n\t\t\t<div class=\"content-item__media-container\">\n\t\t\t<div class=\"content-media\">\n\t\t\t\t<div class=\"content-media__inner\">\n\t\t\t\t\t<img loading=\"lazy\" decoding=\"async\" width=\"635\" height=\"475\" src=\"https:\/\/www.msdconnect.be\/fr\/wp-content\/uploads\/sites\/15\/2023\/01\/output-004.jpg?w=635&amp;h=475&amp;crop=1\" class=\"content-media__image\" alt=\"\" srcset=\"https:\/\/www.msdconnect.be\/fr\/wp-content\/uploads\/sites\/15\/2023\/01\/output-004.jpg?resize=180,135 180w, https:\/\/www.msdconnect.be\/fr\/wp-content\/uploads\/sites\/15\/2023\/01\/output-004.jpg?resize=635,475 635w\" sizes=\"auto, (max-width: 635px) 100vw, 635px\" \/>\t\t\t\t<\/div>\n\t\t\t<\/div>\n\t\t<\/div>\n\t\n    \n    <div class=\"content-item__content-container\">\n\t\t<div class=\"content-item__content-body\">\n\t\t\t\t\t\t\t\t\t<header class=\"content-item__header\">\n\t\t\t\t<span\n\t\t\t\t\tclass=\"content-item__content-type content-type  content-type--post\">\n\t\t\t\t\t<span class=\"content-type__icon\">\n                                            <\/span>\n\t\t\t\t\t\t\t\t\t<\/span>\n\t\t\t\t<h2 class=\"content-item__title\" data-enterprise-id=\"currentHeader\">\n\t\t\t\t\t\t\t\t\t\t\t<a href=\"https:\/\/www.msdconnect.be\/fr\/2023\/01\/16\/prevention-cancer-quelle-utilite-dune-communication-dans-lhopital\/\"\n                            class=\"content-item__title-link\"\n                            target=\"_self\"\n                            rel=\"\"\n\t\t\t\t\t\t\t              >\n                            Pre\u0301vention cancer: quelle utilite\u0301 d\u2019une communication dans l\u2019ho\u0302pital?                        <\/a>\n\t\t\t\t\t\t\t\t\t<\/h2>\n\t\t\t\t\t\t\t<\/header>\n\t\t\t\n                                            <div class=\"content-item__content-meta badge-container\">                                                                <div class=\"content-item__dates badge badge--flat badge--dates\">\n                                                        <span class=\"content-item__dates--start badge--dates__start\">\n                                16 janvier 2023                            <\/span>\n                                                                                                        <\/div>\n                                        <span class=\"mhh-mcn-badge mhh-mcn-badge--flat mhh-mcn-badge--time-to-read\">\n    \n<svg width=\"1em\" height=\"1em\" class=\"mh-icon mh-icon--kind-generic mh-icon--name-watch mh-icon--watch\" role=\"img\" aria-labelledby=\"mh-icon-69f0fa184e1e8-time_to_read\" aria-hidden=\"false\">\n            <title id=\"mh-icon-69f0fa184e1e8-time_to_read\">\n            time to read        <\/title>\n    \n    \n    <use xlink:href=\"https:\/\/www.msdconnect.be\/fr\/wp-content\/themes\/cex-wpvip-mhh-mconnect-theme-new-3.0\/modules\/icons\/resources\/icons\/svg\/generic\/watch.svg#watch\"><\/use>\n<\/svg>\n    4 min read<\/span>\n                                    <\/div>\n                \t\t<\/div>\n\t\t<div class=\"content-item__content-footer\">\n\t\t\t\t\t\t\t\t\t\t\t<\/div>\n\t<\/div>\n\n    <\/article>\n\t\t\t\t\t<\/li>\n\t\t\t\t\t\t\t\t\t\t\t\t\t<\/ul>\n\t<\/nav>\n\n\n\n<h3 class=\"wp-block-heading  mhh-mcn-v1-heading mhh-mcn-v1-heading--a1badc995b48941545e8833d22534c43\"><strong>Autres Cat\u00e9gories<\/strong><\/h3>\n\n\n\n<nav class=\"wp-block-mconnect-theme-curated-content \">\n\t<ul class=\"is-grid-layout has-columns has-two-columns has-top-vertical-alignment\" >\n\t\t\n\n\n\n\t<\/ul>\n<\/nav>\n\n    <\/div>\n<\/section>\n\n\n","protected":false},"excerpt":{"rendered":"<p>Au coeur de l\u2019h\u00f4pital, le circuit des m\u00e9dicaments et des dispositifs m\u00e9dicaux a une importance primordiale pour les m\u00e9decins, les infirmiers et les patients. \u00ab&nbsp;Les diff\u00e9rents services et directio  [&hellip;]<\/p>\n","protected":false},"author":128,"featured_media":20387,"comment_status":"closed","ping_status":"closed","sticky":false,"template":"","format":"standard","meta":{"_mhh_sticky_footer_settings":{"entityId":0},"_mhh_sticky_footer_posts":"","_mhh_sticky_footer_expanded":false,"_mhh_mcn_text_direction":"","_mhh_mcn_language":"","_mhh_mcn_left_sidebar_settings":{"entityId":0},"_mhh_mcn_sidebar_settings":{"entityId":0},"mhh_mcn_side_navigation_style":{"fontSize":{"l":"","m":"","s":""},"lineHeight":{"l":1.5,"m":1.5,"s":1.5},"itemColor":"","hoverItemColor":"","currentItemColor":"","borderItemColor":"","backgroundItemHoverColor":"","themeColor":""},"_mhh_mcn_child_page_navigation":{"isActive":false,"isSticky":false},"hide_header":false,"show_top_bar":false,"hide_footer":false,"full_width_layout":false,"icon":null,"job_code":"","hide_featured_image":true,"primary_tag":0,"editor_notices":[],"footnotes":"","sidebar_toogle":0,"sidebar_toogle_notification_warning":true,"sidebar_toogle_notification_alert":true,"content_expiration_sidebar_date":"","content_expiration_sidebar_expired_post_status":"","content_expiration_sidebar_redirection":""},"categories":[1],"tags":[],"ga4_page_audience":[],"ga4_page_birn_id":[],"ga4_page_branding":[],"ga4_page_businessunit":[],"ga4_page_campaign":[],"ga4_page_content_purpose":[],"ga4_page_customer_journey_stage":[],"ga4_page_customer_specialty":[],"ga4_page_experience":[],"ga4_page_indication":[],"ga4_page_material_intent":[1533],"ga4_page_product":[],"ga4_page_region":[],"ga4_page_therapeuticarea":[],"tx-therapeutic-area":[],"tx-product":[],"tx-pathology":[],"tx-content-type":[629],"tx-active-ingredient":[],"mhh-area-of-interest":[],"access":[],"user_status":[],"user_role":[],"class_list":["post-8436","post","type-post","status-publish","format-standard","has-post-thumbnail","hentry","category-uncategorized"],"yoast_head":"<!-- This site is optimized with the Yoast SEO plugin v23.9 - https:\/\/yoast.com\/wordpress\/plugins\/seo\/ -->\n<title>\u00ab Il faut am\u00e9liorer la place des pharmaciens hospitaliers dans l\u2019h\u00f4pital \u00bb (ABPH) - MSD Belgium - FR<\/title>\n<meta name=\"robots\" content=\"index, follow, max-snippet:-1, max-image-preview:large, max-video-preview:-1\" \/>\n<link rel=\"canonical\" href=\"https:\/\/www.msdconnect.be\/fr\/2021\/06\/14\/il-faut-ameliorer-la-place-des-pharmaciens-hospitaliers-dans-lhopital-abph\/\" \/>\n<meta property=\"og:locale\" content=\"fr_FR\" \/>\n<meta property=\"og:type\" content=\"article\" \/>\n<meta property=\"og:title\" content=\"\u00ab Il faut am\u00e9liorer la place des pharmaciens hospitaliers dans l\u2019h\u00f4pital \u00bb (ABPH) - MSD Belgium - FR\" \/>\n<meta property=\"og:description\" content=\"Au coeur de l\u2019h\u00f4pital, le circuit des m\u00e9dicaments et des dispositifs m\u00e9dicaux a une importance primordiale pour les m\u00e9decins, les infirmiers et les patients. \u00ab&nbsp;Les diff\u00e9rents services et directio [&hellip;]\" \/>\n<meta property=\"og:url\" content=\"https:\/\/www.msdconnect.be\/fr\/2021\/06\/14\/il-faut-ameliorer-la-place-des-pharmaciens-hospitaliers-dans-lhopital-abph\/\" \/>\n<meta property=\"og:site_name\" content=\"MSD Belgium - FR\" \/>\n<meta property=\"article:published_time\" content=\"2021-06-14T20:52:32+00:00\" \/>\n<meta property=\"article:modified_time\" content=\"2025-01-08T11:36:20+00:00\" \/>\n<meta property=\"og:image\" content=\"https:\/\/www.msdconnect.be\/fr\/wp-content\/uploads\/sites\/15\/2021\/02\/thumbgen-43-wouters.jpg\" \/>\n\t<meta property=\"og:image:width\" content=\"400\" \/>\n\t<meta property=\"og:image:height\" content=\"300\" \/>\n\t<meta property=\"og:image:type\" content=\"image\/jpeg\" \/>\n<meta name=\"author\" content=\"kguusithua75cugklsd1acu\" \/>\n<meta name=\"twitter:card\" content=\"summary_large_image\" \/>\n<meta name=\"twitter:label1\" content=\"\u00c9crit par\" \/>\n\t<meta name=\"twitter:data1\" content=\"kguusithua75cugklsd1acu\" \/>\n\t<meta name=\"twitter:label2\" content=\"Dur\u00e9e de lecture est.\" \/>\n\t<meta name=\"twitter:data2\" content=\"4 minutes\" \/>\n<script type=\"application\/ld+json\" class=\"yoast-schema-graph\">{\"@context\":\"https:\/\/schema.org\",\"@graph\":[{\"@type\":\"Article\",\"@id\":\"https:\/\/www.msdconnect.be\/fr\/2021\/06\/14\/il-faut-ameliorer-la-place-des-pharmaciens-hospitaliers-dans-lhopital-abph\/#article\",\"isPartOf\":{\"@id\":\"https:\/\/www.msdconnect.be\/fr\/2021\/06\/14\/il-faut-ameliorer-la-place-des-pharmaciens-hospitaliers-dans-lhopital-abph\/\"},\"author\":{\"name\":\"kguusithua75cugklsd1acu\",\"@id\":\"https:\/\/www.msdconnect.be\/fr\/#\/schema\/person\/4b74662ca4849ba810f5c46e0254d213\"},\"headline\":\"\u00ab Il faut am\u00e9liorer la place des pharmaciens hospitaliers dans l\u2019h\u00f4pital \u00bb (ABPH)\",\"datePublished\":\"2021-06-14T20:52:32+00:00\",\"dateModified\":\"2025-01-08T11:36:20+00:00\",\"mainEntityOfPage\":{\"@id\":\"https:\/\/www.msdconnect.be\/fr\/2021\/06\/14\/il-faut-ameliorer-la-place-des-pharmaciens-hospitaliers-dans-lhopital-abph\/\"},\"wordCount\":856,\"publisher\":{\"@id\":\"https:\/\/www.msdconnect.be\/fr\/#organization\"},\"image\":{\"@id\":\"https:\/\/www.msdconnect.be\/fr\/2021\/06\/14\/il-faut-ameliorer-la-place-des-pharmaciens-hospitaliers-dans-lhopital-abph\/#primaryimage\"},\"thumbnailUrl\":\"https:\/\/www.msdconnect.be\/fr\/wp-content\/uploads\/sites\/15\/2021\/02\/thumbgen-43-wouters.jpg\",\"articleSection\":[\"Uncategorized\"],\"inLanguage\":\"fr-BE\"},{\"@type\":\"WebPage\",\"@id\":\"https:\/\/www.msdconnect.be\/fr\/2021\/06\/14\/il-faut-ameliorer-la-place-des-pharmaciens-hospitaliers-dans-lhopital-abph\/\",\"url\":\"https:\/\/www.msdconnect.be\/fr\/2021\/06\/14\/il-faut-ameliorer-la-place-des-pharmaciens-hospitaliers-dans-lhopital-abph\/\",\"name\":\"\u00ab Il faut am\u00e9liorer la place des pharmaciens hospitaliers dans l\u2019h\u00f4pital \u00bb (ABPH) - MSD Belgium - FR\",\"isPartOf\":{\"@id\":\"https:\/\/www.msdconnect.be\/fr\/#website\"},\"primaryImageOfPage\":{\"@id\":\"https:\/\/www.msdconnect.be\/fr\/2021\/06\/14\/il-faut-ameliorer-la-place-des-pharmaciens-hospitaliers-dans-lhopital-abph\/#primaryimage\"},\"image\":{\"@id\":\"https:\/\/www.msdconnect.be\/fr\/2021\/06\/14\/il-faut-ameliorer-la-place-des-pharmaciens-hospitaliers-dans-lhopital-abph\/#primaryimage\"},\"thumbnailUrl\":\"https:\/\/www.msdconnect.be\/fr\/wp-content\/uploads\/sites\/15\/2021\/02\/thumbgen-43-wouters.jpg\",\"datePublished\":\"2021-06-14T20:52:32+00:00\",\"dateModified\":\"2025-01-08T11:36:20+00:00\",\"breadcrumb\":{\"@id\":\"https:\/\/www.msdconnect.be\/fr\/2021\/06\/14\/il-faut-ameliorer-la-place-des-pharmaciens-hospitaliers-dans-lhopital-abph\/#breadcrumb\"},\"inLanguage\":\"fr-BE\",\"potentialAction\":[{\"@type\":\"ReadAction\",\"target\":[\"https:\/\/www.msdconnect.be\/fr\/2021\/06\/14\/il-faut-ameliorer-la-place-des-pharmaciens-hospitaliers-dans-lhopital-abph\/\"]}]},{\"@type\":\"ImageObject\",\"inLanguage\":\"fr-BE\",\"@id\":\"https:\/\/www.msdconnect.be\/fr\/2021\/06\/14\/il-faut-ameliorer-la-place-des-pharmaciens-hospitaliers-dans-lhopital-abph\/#primaryimage\",\"url\":\"https:\/\/www.msdconnect.be\/fr\/wp-content\/uploads\/sites\/15\/2021\/02\/thumbgen-43-wouters.jpg\",\"contentUrl\":\"https:\/\/www.msdconnect.be\/fr\/wp-content\/uploads\/sites\/15\/2021\/02\/thumbgen-43-wouters.jpg\",\"width\":400,\"height\":300,\"caption\":\"dominique wouters\"},{\"@type\":\"BreadcrumbList\",\"@id\":\"https:\/\/www.msdconnect.be\/fr\/2021\/06\/14\/il-faut-ameliorer-la-place-des-pharmaciens-hospitaliers-dans-lhopital-abph\/#breadcrumb\",\"itemListElement\":[{\"@type\":\"ListItem\",\"position\":1,\"name\":\"Home\",\"item\":\"https:\/\/www.msdconnect.be\/fr\/\"},{\"@type\":\"ListItem\",\"position\":2,\"name\":\"\u00ab Il faut am\u00e9liorer la place des pharmaciens hospitaliers dans l\u2019h\u00f4pital \u00bb (ABPH)\"}]},{\"@type\":\"WebSite\",\"@id\":\"https:\/\/www.msdconnect.be\/fr\/#website\",\"url\":\"https:\/\/www.msdconnect.be\/fr\/\",\"name\":\"MSD Belgium - FR\",\"description\":\"\",\"publisher\":{\"@id\":\"https:\/\/www.msdconnect.be\/fr\/#organization\"},\"potentialAction\":[{\"@type\":\"SearchAction\",\"target\":{\"@type\":\"EntryPoint\",\"urlTemplate\":\"https:\/\/www.msdconnect.be\/fr\/?s={search_term_string}\"},\"query-input\":{\"@type\":\"PropertyValueSpecification\",\"valueRequired\":true,\"valueName\":\"search_term_string\"}}],\"inLanguage\":\"fr-BE\"},{\"@type\":\"Organization\",\"@id\":\"https:\/\/www.msdconnect.be\/fr\/#organization\",\"name\":\"MSD Belgium\",\"url\":\"https:\/\/www.msdconnect.be\/fr\/\",\"logo\":{\"@type\":\"ImageObject\",\"inLanguage\":\"fr-BE\",\"@id\":\"https:\/\/www.msdconnect.be\/fr\/#\/schema\/logo\/image\/\",\"url\":\"https:\/\/www.msdconnect.be\/fr\/wp-content\/uploads\/sites\/15\/2022\/04\/MSD_Logo_Horizontal_TealGrey_RGB.gif\",\"contentUrl\":\"https:\/\/www.msdconnect.be\/fr\/wp-content\/uploads\/sites\/15\/2022\/04\/MSD_Logo_Horizontal_TealGrey_RGB.gif\",\"width\":340,\"height\":131,\"caption\":\"MSD Belgium\"},\"image\":{\"@id\":\"https:\/\/www.msdconnect.be\/fr\/#\/schema\/logo\/image\/\"}},{\"@type\":\"Person\",\"@id\":\"https:\/\/www.msdconnect.be\/fr\/#\/schema\/person\/4b74662ca4849ba810f5c46e0254d213\",\"name\":\"kguusithua75cugklsd1acu\",\"image\":{\"@type\":\"ImageObject\",\"inLanguage\":\"fr-BE\",\"@id\":\"https:\/\/www.msdconnect.be\/fr\/#\/schema\/person\/image\/\",\"url\":\"https:\/\/secure.gravatar.com\/avatar\/?s=96&d=mm&r=g\",\"contentUrl\":\"https:\/\/secure.gravatar.com\/avatar\/?s=96&d=mm&r=g\",\"caption\":\"kguusithua75cugklsd1acu\"},\"url\":\"https:\/\/www.msdconnect.be\/fr\/author\/kguusithua75cugklsd1acu\/\"}]}<\/script>\n<!-- \/ Yoast SEO plugin. -->","yoast_head_json":{"title":"\u00ab Il faut am\u00e9liorer la place des pharmaciens hospitaliers dans l\u2019h\u00f4pital \u00bb (ABPH) - MSD Belgium - FR","robots":{"index":"index","follow":"follow","max-snippet":"max-snippet:-1","max-image-preview":"max-image-preview:large","max-video-preview":"max-video-preview:-1"},"canonical":"https:\/\/www.msdconnect.be\/fr\/2021\/06\/14\/il-faut-ameliorer-la-place-des-pharmaciens-hospitaliers-dans-lhopital-abph\/","og_locale":"fr_FR","og_type":"article","og_title":"\u00ab Il faut am\u00e9liorer la place des pharmaciens hospitaliers dans l\u2019h\u00f4pital \u00bb (ABPH) - MSD Belgium - FR","og_description":"Au coeur de l\u2019h\u00f4pital, le circuit des m\u00e9dicaments et des dispositifs m\u00e9dicaux a une importance primordiale pour les m\u00e9decins, les infirmiers et les patients. \u00ab&nbsp;Les diff\u00e9rents services et directio [&hellip;]","og_url":"https:\/\/www.msdconnect.be\/fr\/2021\/06\/14\/il-faut-ameliorer-la-place-des-pharmaciens-hospitaliers-dans-lhopital-abph\/","og_site_name":"MSD Belgium - FR","article_published_time":"2021-06-14T20:52:32+00:00","article_modified_time":"2025-01-08T11:36:20+00:00","og_image":[{"width":400,"height":300,"url":"https:\/\/www.msdconnect.be\/fr\/wp-content\/uploads\/sites\/15\/2021\/02\/thumbgen-43-wouters.jpg","type":"image\/jpeg"}],"author":"kguusithua75cugklsd1acu","twitter_card":"summary_large_image","twitter_misc":{"\u00c9crit par":"kguusithua75cugklsd1acu","Dur\u00e9e de lecture est.":"4 minutes"},"schema":{"@context":"https:\/\/schema.org","@graph":[{"@type":"Article","@id":"https:\/\/www.msdconnect.be\/fr\/2021\/06\/14\/il-faut-ameliorer-la-place-des-pharmaciens-hospitaliers-dans-lhopital-abph\/#article","isPartOf":{"@id":"https:\/\/www.msdconnect.be\/fr\/2021\/06\/14\/il-faut-ameliorer-la-place-des-pharmaciens-hospitaliers-dans-lhopital-abph\/"},"author":{"name":"kguusithua75cugklsd1acu","@id":"https:\/\/www.msdconnect.be\/fr\/#\/schema\/person\/4b74662ca4849ba810f5c46e0254d213"},"headline":"\u00ab Il faut am\u00e9liorer la place des pharmaciens hospitaliers dans l\u2019h\u00f4pital \u00bb (ABPH)","datePublished":"2021-06-14T20:52:32+00:00","dateModified":"2025-01-08T11:36:20+00:00","mainEntityOfPage":{"@id":"https:\/\/www.msdconnect.be\/fr\/2021\/06\/14\/il-faut-ameliorer-la-place-des-pharmaciens-hospitaliers-dans-lhopital-abph\/"},"wordCount":856,"publisher":{"@id":"https:\/\/www.msdconnect.be\/fr\/#organization"},"image":{"@id":"https:\/\/www.msdconnect.be\/fr\/2021\/06\/14\/il-faut-ameliorer-la-place-des-pharmaciens-hospitaliers-dans-lhopital-abph\/#primaryimage"},"thumbnailUrl":"https:\/\/www.msdconnect.be\/fr\/wp-content\/uploads\/sites\/15\/2021\/02\/thumbgen-43-wouters.jpg","articleSection":["Uncategorized"],"inLanguage":"fr-BE"},{"@type":"WebPage","@id":"https:\/\/www.msdconnect.be\/fr\/2021\/06\/14\/il-faut-ameliorer-la-place-des-pharmaciens-hospitaliers-dans-lhopital-abph\/","url":"https:\/\/www.msdconnect.be\/fr\/2021\/06\/14\/il-faut-ameliorer-la-place-des-pharmaciens-hospitaliers-dans-lhopital-abph\/","name":"\u00ab Il faut am\u00e9liorer la place des pharmaciens hospitaliers dans l\u2019h\u00f4pital \u00bb (ABPH) - MSD Belgium - FR","isPartOf":{"@id":"https:\/\/www.msdconnect.be\/fr\/#website"},"primaryImageOfPage":{"@id":"https:\/\/www.msdconnect.be\/fr\/2021\/06\/14\/il-faut-ameliorer-la-place-des-pharmaciens-hospitaliers-dans-lhopital-abph\/#primaryimage"},"image":{"@id":"https:\/\/www.msdconnect.be\/fr\/2021\/06\/14\/il-faut-ameliorer-la-place-des-pharmaciens-hospitaliers-dans-lhopital-abph\/#primaryimage"},"thumbnailUrl":"https:\/\/www.msdconnect.be\/fr\/wp-content\/uploads\/sites\/15\/2021\/02\/thumbgen-43-wouters.jpg","datePublished":"2021-06-14T20:52:32+00:00","dateModified":"2025-01-08T11:36:20+00:00","breadcrumb":{"@id":"https:\/\/www.msdconnect.be\/fr\/2021\/06\/14\/il-faut-ameliorer-la-place-des-pharmaciens-hospitaliers-dans-lhopital-abph\/#breadcrumb"},"inLanguage":"fr-BE","potentialAction":[{"@type":"ReadAction","target":["https:\/\/www.msdconnect.be\/fr\/2021\/06\/14\/il-faut-ameliorer-la-place-des-pharmaciens-hospitaliers-dans-lhopital-abph\/"]}]},{"@type":"ImageObject","inLanguage":"fr-BE","@id":"https:\/\/www.msdconnect.be\/fr\/2021\/06\/14\/il-faut-ameliorer-la-place-des-pharmaciens-hospitaliers-dans-lhopital-abph\/#primaryimage","url":"https:\/\/www.msdconnect.be\/fr\/wp-content\/uploads\/sites\/15\/2021\/02\/thumbgen-43-wouters.jpg","contentUrl":"https:\/\/www.msdconnect.be\/fr\/wp-content\/uploads\/sites\/15\/2021\/02\/thumbgen-43-wouters.jpg","width":400,"height":300,"caption":"dominique wouters"},{"@type":"BreadcrumbList","@id":"https:\/\/www.msdconnect.be\/fr\/2021\/06\/14\/il-faut-ameliorer-la-place-des-pharmaciens-hospitaliers-dans-lhopital-abph\/#breadcrumb","itemListElement":[{"@type":"ListItem","position":1,"name":"Home","item":"https:\/\/www.msdconnect.be\/fr\/"},{"@type":"ListItem","position":2,"name":"\u00ab Il faut am\u00e9liorer la place des pharmaciens hospitaliers dans l\u2019h\u00f4pital \u00bb (ABPH)"}]},{"@type":"WebSite","@id":"https:\/\/www.msdconnect.be\/fr\/#website","url":"https:\/\/www.msdconnect.be\/fr\/","name":"MSD Belgium - FR","description":"","publisher":{"@id":"https:\/\/www.msdconnect.be\/fr\/#organization"},"potentialAction":[{"@type":"SearchAction","target":{"@type":"EntryPoint","urlTemplate":"https:\/\/www.msdconnect.be\/fr\/?s={search_term_string}"},"query-input":{"@type":"PropertyValueSpecification","valueRequired":true,"valueName":"search_term_string"}}],"inLanguage":"fr-BE"},{"@type":"Organization","@id":"https:\/\/www.msdconnect.be\/fr\/#organization","name":"MSD Belgium","url":"https:\/\/www.msdconnect.be\/fr\/","logo":{"@type":"ImageObject","inLanguage":"fr-BE","@id":"https:\/\/www.msdconnect.be\/fr\/#\/schema\/logo\/image\/","url":"https:\/\/www.msdconnect.be\/fr\/wp-content\/uploads\/sites\/15\/2022\/04\/MSD_Logo_Horizontal_TealGrey_RGB.gif","contentUrl":"https:\/\/www.msdconnect.be\/fr\/wp-content\/uploads\/sites\/15\/2022\/04\/MSD_Logo_Horizontal_TealGrey_RGB.gif","width":340,"height":131,"caption":"MSD Belgium"},"image":{"@id":"https:\/\/www.msdconnect.be\/fr\/#\/schema\/logo\/image\/"}},{"@type":"Person","@id":"https:\/\/www.msdconnect.be\/fr\/#\/schema\/person\/4b74662ca4849ba810f5c46e0254d213","name":"kguusithua75cugklsd1acu","image":{"@type":"ImageObject","inLanguage":"fr-BE","@id":"https:\/\/www.msdconnect.be\/fr\/#\/schema\/person\/image\/","url":"https:\/\/secure.gravatar.com\/avatar\/?s=96&d=mm&r=g","contentUrl":"https:\/\/secure.gravatar.com\/avatar\/?s=96&d=mm&r=g","caption":"kguusithua75cugklsd1acu"},"url":"https:\/\/www.msdconnect.be\/fr\/author\/kguusithua75cugklsd1acu\/"}]}},"_links":{"self":[{"href":"https:\/\/www.msdconnect.be\/fr\/wp-json\/wp\/v2\/posts\/8436","targetHints":{"allow":["GET"]}}],"collection":[{"href":"https:\/\/www.msdconnect.be\/fr\/wp-json\/wp\/v2\/posts"}],"about":[{"href":"https:\/\/www.msdconnect.be\/fr\/wp-json\/wp\/v2\/types\/post"}],"author":[{"embeddable":true,"href":"https:\/\/www.msdconnect.be\/fr\/wp-json\/wp\/v2\/users\/128"}],"replies":[{"embeddable":true,"href":"https:\/\/www.msdconnect.be\/fr\/wp-json\/wp\/v2\/comments?post=8436"}],"version-history":[{"count":12,"href":"https:\/\/www.msdconnect.be\/fr\/wp-json\/wp\/v2\/posts\/8436\/revisions"}],"predecessor-version":[{"id":84076,"href":"https:\/\/www.msdconnect.be\/fr\/wp-json\/wp\/v2\/posts\/8436\/revisions\/84076"}],"wp:featuredmedia":[{"embeddable":true,"href":"https:\/\/www.msdconnect.be\/fr\/wp-json\/wp\/v2\/media\/20387"}],"wp:attachment":[{"href":"https:\/\/www.msdconnect.be\/fr\/wp-json\/wp\/v2\/media?parent=8436"}],"wp:term":[{"taxonomy":"category","embeddable":true,"href":"https:\/\/www.msdconnect.be\/fr\/wp-json\/wp\/v2\/categories?post=8436"},{"taxonomy":"post_tag","embeddable":true,"href":"https:\/\/www.msdconnect.be\/fr\/wp-json\/wp\/v2\/tags?post=8436"},{"taxonomy":"ga4_page_audience","embeddable":true,"href":"https:\/\/www.msdconnect.be\/fr\/wp-json\/wp\/v2\/ga4_page_audience?post=8436"},{"taxonomy":"ga4_page_birn_id","embeddable":true,"href":"https:\/\/www.msdconnect.be\/fr\/wp-json\/wp\/v2\/ga4_page_birn_id?post=8436"},{"taxonomy":"ga4_page_branding","embeddable":true,"href":"https:\/\/www.msdconnect.be\/fr\/wp-json\/wp\/v2\/ga4_page_branding?post=8436"},{"taxonomy":"ga4_page_businessunit","embeddable":true,"href":"https:\/\/www.msdconnect.be\/fr\/wp-json\/wp\/v2\/ga4_page_businessunit?post=8436"},{"taxonomy":"ga4_page_campaign","embeddable":true,"href":"https:\/\/www.msdconnect.be\/fr\/wp-json\/wp\/v2\/ga4_page_campaign?post=8436"},{"taxonomy":"ga4_page_content_purpose","embeddable":true,"href":"https:\/\/www.msdconnect.be\/fr\/wp-json\/wp\/v2\/ga4_page_content_purpose?post=8436"},{"taxonomy":"ga4_page_customer_journey_stage","embeddable":true,"href":"https:\/\/www.msdconnect.be\/fr\/wp-json\/wp\/v2\/ga4_page_customer_journey_stage?post=8436"},{"taxonomy":"ga4_page_customer_specialty","embeddable":true,"href":"https:\/\/www.msdconnect.be\/fr\/wp-json\/wp\/v2\/ga4_page_customer_specialty?post=8436"},{"taxonomy":"ga4_page_experience","embeddable":true,"href":"https:\/\/www.msdconnect.be\/fr\/wp-json\/wp\/v2\/ga4_page_experience?post=8436"},{"taxonomy":"ga4_page_indication","embeddable":true,"href":"https:\/\/www.msdconnect.be\/fr\/wp-json\/wp\/v2\/ga4_page_indication?post=8436"},{"taxonomy":"ga4_page_material_intent","embeddable":true,"href":"https:\/\/www.msdconnect.be\/fr\/wp-json\/wp\/v2\/ga4_page_material_intent?post=8436"},{"taxonomy":"ga4_page_product","embeddable":true,"href":"https:\/\/www.msdconnect.be\/fr\/wp-json\/wp\/v2\/ga4_page_product?post=8436"},{"taxonomy":"ga4_page_region","embeddable":true,"href":"https:\/\/www.msdconnect.be\/fr\/wp-json\/wp\/v2\/ga4_page_region?post=8436"},{"taxonomy":"ga4_page_therapeuticarea","embeddable":true,"href":"https:\/\/www.msdconnect.be\/fr\/wp-json\/wp\/v2\/ga4_page_therapeuticarea?post=8436"},{"taxonomy":"tx-therapeutic-area","embeddable":true,"href":"https:\/\/www.msdconnect.be\/fr\/wp-json\/wp\/v2\/tx-therapeutic-area?post=8436"},{"taxonomy":"tx-product","embeddable":true,"href":"https:\/\/www.msdconnect.be\/fr\/wp-json\/wp\/v2\/tx-product?post=8436"},{"taxonomy":"tx-pathology","embeddable":true,"href":"https:\/\/www.msdconnect.be\/fr\/wp-json\/wp\/v2\/tx-pathology?post=8436"},{"taxonomy":"tx-content-type","embeddable":true,"href":"https:\/\/www.msdconnect.be\/fr\/wp-json\/wp\/v2\/tx-content-type?post=8436"},{"taxonomy":"tx-active-ingredient","embeddable":true,"href":"https:\/\/www.msdconnect.be\/fr\/wp-json\/wp\/v2\/tx-active-ingredient?post=8436"},{"taxonomy":"mhh-area-of-interest","embeddable":true,"href":"https:\/\/www.msdconnect.be\/fr\/wp-json\/wp\/v2\/mhh-area-of-interest?post=8436"},{"taxonomy":"access","embeddable":true,"href":"https:\/\/www.msdconnect.be\/fr\/wp-json\/wp\/v2\/access?post=8436"},{"taxonomy":"user_status","embeddable":true,"href":"https:\/\/www.msdconnect.be\/fr\/wp-json\/wp\/v2\/user_status?post=8436"},{"taxonomy":"user_role","embeddable":true,"href":"https:\/\/www.msdconnect.be\/fr\/wp-json\/wp\/v2\/user_role?post=8436"}],"curies":[{"name":"wp","href":"https:\/\/api.w.org\/{rel}","templated":true}]}}