{"id":55904,"date":"2023-01-16T14:50:55","date_gmt":"2023-01-16T14:50:55","guid":{"rendered":"https:\/\/www.msdconnect.be\/fr\/?p=55904"},"modified":"2023-01-19T16:13:50","modified_gmt":"2023-01-19T16:13:50","slug":"reflechir-au-temps-de-travail-des-medecins","status":"publish","type":"post","link":"https:\/\/www.msdconnect.be\/fr\/2023\/01\/16\/reflechir-au-temps-de-travail-des-medecins\/","title":{"rendered":"\u00abRe\u0301fle\u0301chir au temps de travail des me\u0301decins\u00bb"},"content":{"rendered":"\n<figure class=\"wp-block-image size-large\"><img loading=\"lazy\" decoding=\"async\" height=\"682\" width=\"1024\" src=\"https:\/\/www.msdconnect.be\/fr\/wp-content\/uploads\/sites\/15\/2023\/01\/output-001.jpg?w=1024\" alt=\"\" class=\"wp-image-55909\" srcset=\"https:\/\/www.msdconnect.be\/fr\/wp-content\/uploads\/sites\/15\/2023\/01\/output-001.jpg 1385w, https:\/\/www.msdconnect.be\/fr\/wp-content\/uploads\/sites\/15\/2023\/01\/output-001.jpg?resize=300,200 300w, https:\/\/www.msdconnect.be\/fr\/wp-content\/uploads\/sites\/15\/2023\/01\/output-001.jpg?resize=768,511 768w, https:\/\/www.msdconnect.be\/fr\/wp-content\/uploads\/sites\/15\/2023\/01\/output-001.jpg?resize=1024,682 1024w, https:\/\/www.msdconnect.be\/fr\/wp-content\/uploads\/sites\/15\/2023\/01\/output-001.jpg?resize=320,213 320w, https:\/\/www.msdconnect.be\/fr\/wp-content\/uploads\/sites\/15\/2023\/01\/output-001.jpg?resize=120,80 120w\" sizes=\"auto, (max-width: 1024px) 100vw, 1024px\" \/><figcaption>\u00a9 Jerry De Brie<\/figcaption><\/figure>\n\n\n\n<p class=\"   mhh-mcn-v1-paragraph mhh-mcn-v1-paragraph--6bee8177927c9babef8ffc0bf91b6810\"><strong>Les d\u00e9fis pour les m\u00e9decins et les h\u00f4pitaux en 2023 seront nombreux. Les<\/strong> <strong>responsables de l\u2019Inami, Beno\u00eet Colin et Pedro Facon, dans une interview exclusive<\/strong> <strong>pour <em>le Sp\u00e9cialiste<\/em>, ont notamment abord\u00e9 la question du temps de travail des<\/strong> <strong>m\u00e9decins.<\/strong><\/p>\n\n\n\n<p class=\"   mhh-mcn-v1-paragraph mhh-mcn-v1-paragraph--6426aaf13d27d3f3d5fe43f74c280bc3\">Pour Pedro Facon, \u00ab<em>dans un syst\u00e8me de planification de l\u2019offre m\u00e9dicale, on doit tenir compte du fait que le temps de travail \u00e9volue: travailler 80 heures par semaine n\u2019est pas responsable. Toute la discussion sur les quotas est extr\u00eamement complexe. Elle se politise rapidement. Nous craignons de ne pas avoir suffisamment de force de travail (m\u00e9decins, infirmiers,&#8230;) sur le terrain. Le ministre a d\u2019ailleurs indiqu\u00e9 qu\u2019il avait demand\u00e9 au comit\u00e9 de planification d\u2019analyser encore mieux ce temps de travail en concertation avec les associations de m\u00e9decins. Les m\u00e9decins eux-m\u00eames ont demand\u00e9 d\u2019aborder ce th\u00e8me ensemble. Il existe un certain nombre d\u2019enqu\u00eates sur ce sujet que nous aimerions interpr\u00e9ter afin de mettre en \u0153uvre une meilleure politique. Il faut oser nommer certaines choses<\/em>\u00bb.<\/p>\n\n\n\n<p class=\"   mhh-mcn-v1-paragraph mhh-mcn-v1-paragraph--7ca8b36964330a388bf93d292ae81613\"><strong>Le bien-\u00eatre des soignants<\/strong><\/p>\n\n\n\n<p class=\"   mhh-mcn-v1-paragraph mhh-mcn-v1-paragraph--975aad90370faf60d9c0f5e5e25a8114\">De son co\u0302te\u0301, Benoi\u0302t Collin souligne que la productivite\u0301 n\u2019est pas un gros mot. <em>\u00abLa charge de travail non plus. Cette charge de travail est souvent insoutenable pour les ge\u0301ne\u0301ralistes et les spe\u0301cialistes. Le bien-e\u0302tre des me\u0301decins n\u2019est pas qu\u2019une question de revenus. Bien entendu, nous devons encore re\u0301duire la charge administrative. A\u0300 titre d\u2019exemple, le syste\u0300me Multi-eMediatt de nume\u0301risation des certificats d\u2019incapacite\u0301 de travail commencera a\u0300 fonctionner tre\u0300s prochainement.\u00bb<\/em><\/p>\n\n\n\n<p class=\"   mhh-mcn-v1-paragraph mhh-mcn-v1-paragraph--d2d4281ef6d4dd872f77b697db774144\"><strong>Changement de syst\u00e8me?<\/strong><\/p>\n\n\n\n<p class=\"   mhh-mcn-v1-paragraph mhh-mcn-v1-paragraph--c256d3e944d168339bfbcce4799d26bf\">De nombreux m\u00e9decins s\u2019inqui\u00e8tent d\u2019un syst\u00e8me o\u00f9 la pratique lib\u00e9rale de la m\u00e9decine deviendrait de plus en plus une m\u00e9decine au forfait ou de style National Health Service (NHS), excluant les pratiques solo en m\u00e9decine g\u00e9n\u00e9rale ou les sp\u00e9cialistes extra-hospitaliers. Pour Beno\u00eet Collin, \u00ab<em>la plupart des m\u00e9decins travaillent sous statut d\u2019ind\u00e9pendant. Pourtant, le travail des m\u00e9decins, m\u00eame \u00e0 l\u2019h\u00f4pital, \u00e9volue vers une pratique de groupe afin de mieux r\u00e9partir la charge de travail, notamment les gardes ou la gestion des urgences ou des cong\u00e9s. Ici, personne ne pr\u00f4ne la m\u00e9decine d\u2019\u00c9tat, mais il ne faut pas non plus perdre de vue le mode de financement du syst\u00e8me: environ 80% proviennent de l\u2019\u00c9tat (assurance soins de sant\u00e9, cotisations sociales, interventions ou subsides f\u00e9d\u00e9raux ou f\u00e9d\u00e9r\u00e9s) et 20% du patient. Les m\u00e9decins doivent en tenir compte. Enfin, les tarifs, les suppl\u00e9ments et la facturation doivent \u00e9galement \u00eatre plus transparents<\/em>\u00bb.<\/p>\n\n\n\n<p class=\"   mhh-mcn-v1-paragraph mhh-mcn-v1-paragraph--7b90406575552996f821c20a9f3caad3\">De son c\u00f4t\u00e9, Pedro Facon souligne qu\u2019il ne faut pas \u00ab<em>cataloguer les m\u00e9decins ayant unepratique solo comme \u00e9tant moins int\u00e9ress\u00e9s \u00e0 travailler ensemble. Les jeunes souhaitent travailler davantage en cabinet de groupe pour toutes sortes de raisons (conciliation travail-famille, secr\u00e9tariat commun, \u00e9change d\u2019expertise,&#8230;). Par ailleurs, les m\u00e9decins en solo peuvent eux aussi se coordonner avec d\u2019autres dispensateurs de soins. La tendance globale va vers plus de pratique de groupe<\/em>\u00bb.<\/p>\n\n\n\n<p class=\"   mhh-mcn-v1-paragraph mhh-mcn-v1-paragraph--176b6096ef31166b31a2f28b58df2eea\"><strong>La commercialisation des donn\u00e9es<\/strong><\/p>\n\n\n\n<p class=\"   mhh-mcn-v1-paragraph mhh-mcn-v1-paragraph--0715b63ce33bee5b0207c367d0be6a4e\">Lors de cette interview, ils sont revenus sur l\u2019\u00e9pineuse question de la commercialisation des donn\u00e9es de sant\u00e9. Pour Beno\u00eet Collin, \u00ab<em>les donn\u00e9es sensibles doivent donc \u00eatre anonymis\u00e9es. Tout doit \u00eatre conforme au R\u00e8glement G\u00e9n\u00e9ral sur la Protection des Donn\u00e9es (RGPD). En ce qui concerne la vente de telles donn\u00e9es, c\u2019est autre chose. Nous savons que les h\u00f4pitaux vendent leurs donn\u00e9es \u00e0 Intercontinental Medical Statistics (IMS) ou \u00e0 d\u2019autres parties, mais nous n\u2019y sommes pas favorables. Surveiller tout cela n\u2019est pas le travail de l\u2019Inami. D\u2019autres autorit\u00e9s peuvent v\u00e9rifier cela. Nous soutenons une data democratie et donc l\u2019acc\u00e8s public aux donn\u00e9es s\u00e9curis\u00e9es conform\u00e9ment au RGPD. Dans ce cas, cet acc\u00e8s s\u00e9curis\u00e9 devrait \u00eatre gratuit ou prix-co\u00fbtant, et non commercial<\/em>\u00bb.<\/p>\n\n\n\n<p class=\"   mhh-mcn-v1-paragraph mhh-mcn-v1-paragraph--826cda77a4263e28b26c6bc0cff2d669\">Enfin, ils ont abord\u00e9 la question de l\u2019intelligence artificielle dans les h\u00f4pitaux. Pour Pedro Facon, la r\u00e9ponse est claire: \u00ab<em>Nous aurons toujours besoin des professionnels de sant\u00e9. L\u2019intelligence artificielle ne pourra pas les remplacer. Cela reste un outil qui ne peut pas remplacer l\u2019humain.\u00bb<\/em><\/p>\n\n\n\n<p class=\"   mhh-mcn-v1-paragraph mhh-mcn-v1-paragraph--53c8885378f805502e07fdb38766e2f8\"><mark class=\"has-inline-color has-grey-color\">Ce num\u00e9ro a \u00e9t\u00e9 r\u00e9alis\u00e9 gr\u00e2ce au support de MSD. Son contenu refl\u00e8te l\u2019opinion des auteurs mais pas n\u00e9cessairement celle de MSD.<\/mark><\/p>\n","protected":false},"excerpt":{"rendered":"<p>Les d\u00e9fis pour les m\u00e9decins et les h\u00f4pitaux en 2023 seront nombreux. Les responsables de l\u2019Inami, Beno\u00eet Colin et Pedro Facon, dans une interview exclusive pour le Sp\u00e9cialiste, ont notamment abord\u00e9 la  [&hellip;]<\/p>\n","protected":false},"author":60701,"featured_media":55909,"comment_status":"closed","ping_status":"closed","sticky":false,"template":"","format":"standard","meta":{"_mhh_sticky_footer_settings":{"entityId":0},"_mhh_sticky_footer_posts":"","_mhh_sticky_footer_expanded":false,"_mhh_mcn_text_direction":"","_mhh_mcn_language":"","_mhh_mcn_left_sidebar_settings":{"entityId":0},"_mhh_mcn_sidebar_settings":{"entityId":0},"mhh_mcn_side_navigation_style":{"fontSize":{"l":"","m":"","s":""},"lineHeight":{"l":1.5,"m":1.5,"s":1.5},"itemColor":"","hoverItemColor":"","currentItemColor":"","borderItemColor":"","backgroundItemHoverColor":"","themeColor":""},"_mhh_mcn_child_page_navigation":{"isActive":false,"isSticky":false},"hide_header":false,"show_top_bar":false,"hide_footer":false,"full_width_layout":false,"icon":null,"job_code":"","hide_featured_image":true,"primary_tag":0,"editor_notices":[],"footnotes":"","sidebar_toogle":0,"sidebar_toogle_notification_warning":true,"sidebar_toogle_notification_alert":true,"content_expiration_sidebar_date":"","content_expiration_sidebar_expired_post_status":"","content_expiration_sidebar_redirection":""},"categories":[1],"tags":[],"ga4_page_audience":[],"ga4_page_birn_id":[],"ga4_page_branding":[],"ga4_page_businessunit":[],"ga4_page_campaign":[],"ga4_page_content_purpose":[],"ga4_page_customer_journey_stage":[],"ga4_page_customer_specialty":[],"ga4_page_experience":[],"ga4_page_indication":[],"ga4_page_material_intent":[1533],"ga4_page_product":[],"ga4_page_region":[],"ga4_page_therapeuticarea":[],"tx-therapeutic-area":[],"tx-product":[],"tx-pathology":[],"tx-content-type":[629],"tx-active-ingredient":[],"mhh-area-of-interest":[],"access":[],"user_status":[],"user_role":[],"class_list":["post-55904","post","type-post","status-publish","format-standard","has-post-thumbnail","hentry","category-uncategorized"],"yoast_head":"<!-- This site is optimized with the Yoast SEO plugin v23.9 - https:\/\/yoast.com\/wordpress\/plugins\/seo\/ -->\n<title>\u00abRe\u0301fle\u0301chir au temps de travail des me\u0301decins\u00bb - MSD Belgium - FR<\/title>\n<meta name=\"robots\" content=\"index, follow, max-snippet:-1, max-image-preview:large, max-video-preview:-1\" \/>\n<link rel=\"canonical\" href=\"https:\/\/www.msdconnect.be\/fr\/2023\/01\/16\/reflechir-au-temps-de-travail-des-medecins\/\" \/>\n<meta property=\"og:locale\" content=\"fr_FR\" \/>\n<meta property=\"og:type\" content=\"article\" \/>\n<meta property=\"og:title\" content=\"\u00abRe\u0301fle\u0301chir au temps de travail des me\u0301decins\u00bb - MSD Belgium - FR\" \/>\n<meta property=\"og:description\" content=\"Les d\u00e9fis pour les m\u00e9decins et les h\u00f4pitaux en 2023 seront nombreux. Les responsables de l\u2019Inami, Beno\u00eet Colin et Pedro Facon, dans une interview exclusive pour le Sp\u00e9cialiste, ont notamment abord\u00e9 la [&hellip;]\" \/>\n<meta property=\"og:url\" content=\"https:\/\/www.msdconnect.be\/fr\/2023\/01\/16\/reflechir-au-temps-de-travail-des-medecins\/\" \/>\n<meta property=\"og:site_name\" content=\"MSD Belgium - FR\" \/>\n<meta property=\"article:published_time\" content=\"2023-01-16T14:50:55+00:00\" \/>\n<meta property=\"article:modified_time\" content=\"2023-01-19T16:13:50+00:00\" \/>\n<meta property=\"og:image\" content=\"https:\/\/www.msdconnect.be\/fr\/wp-content\/uploads\/sites\/15\/2023\/01\/output-001.jpg\" \/>\n\t<meta property=\"og:image:width\" content=\"1385\" \/>\n\t<meta property=\"og:image:height\" content=\"922\" \/>\n\t<meta property=\"og:image:type\" content=\"image\/jpeg\" \/>\n<meta name=\"author\" content=\"ugjerdingen\" \/>\n<meta name=\"twitter:card\" content=\"summary_large_image\" \/>\n<meta name=\"twitter:label1\" content=\"\u00c9crit par\" \/>\n\t<meta name=\"twitter:data1\" content=\"ugjerdingen\" \/>\n\t<meta name=\"twitter:label2\" content=\"Dur\u00e9e de lecture est.\" \/>\n\t<meta name=\"twitter:data2\" content=\"4 minutes\" \/>\n<script type=\"application\/ld+json\" class=\"yoast-schema-graph\">{\"@context\":\"https:\/\/schema.org\",\"@graph\":[{\"@type\":\"Article\",\"@id\":\"https:\/\/www.msdconnect.be\/fr\/2023\/01\/16\/reflechir-au-temps-de-travail-des-medecins\/#article\",\"isPartOf\":{\"@id\":\"https:\/\/www.msdconnect.be\/fr\/2023\/01\/16\/reflechir-au-temps-de-travail-des-medecins\/\"},\"author\":{\"name\":\"ugjerdingen\",\"@id\":\"https:\/\/www.msdconnect.be\/fr\/#\/schema\/person\/9d6f483ae8ae0c83b4e6fc2287c9578e\"},\"headline\":\"\u00abRe\u0301fle\u0301chir au temps de travail des me\u0301decins\u00bb\",\"datePublished\":\"2023-01-16T14:50:55+00:00\",\"dateModified\":\"2023-01-19T16:13:50+00:00\",\"mainEntityOfPage\":{\"@id\":\"https:\/\/www.msdconnect.be\/fr\/2023\/01\/16\/reflechir-au-temps-de-travail-des-medecins\/\"},\"wordCount\":773,\"publisher\":{\"@id\":\"https:\/\/www.msdconnect.be\/fr\/#organization\"},\"image\":{\"@id\":\"https:\/\/www.msdconnect.be\/fr\/2023\/01\/16\/reflechir-au-temps-de-travail-des-medecins\/#primaryimage\"},\"thumbnailUrl\":\"https:\/\/www.msdconnect.be\/fr\/wp-content\/uploads\/sites\/15\/2023\/01\/output-001.jpg\",\"articleSection\":[\"Uncategorized\"],\"inLanguage\":\"fr-BE\"},{\"@type\":\"WebPage\",\"@id\":\"https:\/\/www.msdconnect.be\/fr\/2023\/01\/16\/reflechir-au-temps-de-travail-des-medecins\/\",\"url\":\"https:\/\/www.msdconnect.be\/fr\/2023\/01\/16\/reflechir-au-temps-de-travail-des-medecins\/\",\"name\":\"\u00abRe\u0301fle\u0301chir au temps de travail des me\u0301decins\u00bb - MSD Belgium - FR\",\"isPartOf\":{\"@id\":\"https:\/\/www.msdconnect.be\/fr\/#website\"},\"primaryImageOfPage\":{\"@id\":\"https:\/\/www.msdconnect.be\/fr\/2023\/01\/16\/reflechir-au-temps-de-travail-des-medecins\/#primaryimage\"},\"image\":{\"@id\":\"https:\/\/www.msdconnect.be\/fr\/2023\/01\/16\/reflechir-au-temps-de-travail-des-medecins\/#primaryimage\"},\"thumbnailUrl\":\"https:\/\/www.msdconnect.be\/fr\/wp-content\/uploads\/sites\/15\/2023\/01\/output-001.jpg\",\"datePublished\":\"2023-01-16T14:50:55+00:00\",\"dateModified\":\"2023-01-19T16:13:50+00:00\",\"breadcrumb\":{\"@id\":\"https:\/\/www.msdconnect.be\/fr\/2023\/01\/16\/reflechir-au-temps-de-travail-des-medecins\/#breadcrumb\"},\"inLanguage\":\"fr-BE\",\"potentialAction\":[{\"@type\":\"ReadAction\",\"target\":[\"https:\/\/www.msdconnect.be\/fr\/2023\/01\/16\/reflechir-au-temps-de-travail-des-medecins\/\"]}]},{\"@type\":\"ImageObject\",\"inLanguage\":\"fr-BE\",\"@id\":\"https:\/\/www.msdconnect.be\/fr\/2023\/01\/16\/reflechir-au-temps-de-travail-des-medecins\/#primaryimage\",\"url\":\"https:\/\/www.msdconnect.be\/fr\/wp-content\/uploads\/sites\/15\/2023\/01\/output-001.jpg\",\"contentUrl\":\"https:\/\/www.msdconnect.be\/fr\/wp-content\/uploads\/sites\/15\/2023\/01\/output-001.jpg\",\"width\":1385,\"height\":922},{\"@type\":\"BreadcrumbList\",\"@id\":\"https:\/\/www.msdconnect.be\/fr\/2023\/01\/16\/reflechir-au-temps-de-travail-des-medecins\/#breadcrumb\",\"itemListElement\":[{\"@type\":\"ListItem\",\"position\":1,\"name\":\"Home\",\"item\":\"https:\/\/www.msdconnect.be\/fr\/\"},{\"@type\":\"ListItem\",\"position\":2,\"name\":\"\u00abRe\u0301fle\u0301chir au temps de travail des me\u0301decins\u00bb\"}]},{\"@type\":\"WebSite\",\"@id\":\"https:\/\/www.msdconnect.be\/fr\/#website\",\"url\":\"https:\/\/www.msdconnect.be\/fr\/\",\"name\":\"MSD Belgium - FR\",\"description\":\"\",\"publisher\":{\"@id\":\"https:\/\/www.msdconnect.be\/fr\/#organization\"},\"potentialAction\":[{\"@type\":\"SearchAction\",\"target\":{\"@type\":\"EntryPoint\",\"urlTemplate\":\"https:\/\/www.msdconnect.be\/fr\/?s={search_term_string}\"},\"query-input\":{\"@type\":\"PropertyValueSpecification\",\"valueRequired\":true,\"valueName\":\"search_term_string\"}}],\"inLanguage\":\"fr-BE\"},{\"@type\":\"Organization\",\"@id\":\"https:\/\/www.msdconnect.be\/fr\/#organization\",\"name\":\"MSD Belgium\",\"url\":\"https:\/\/www.msdconnect.be\/fr\/\",\"logo\":{\"@type\":\"ImageObject\",\"inLanguage\":\"fr-BE\",\"@id\":\"https:\/\/www.msdconnect.be\/fr\/#\/schema\/logo\/image\/\",\"url\":\"https:\/\/www.msdconnect.be\/fr\/wp-content\/uploads\/sites\/15\/2022\/04\/MSD_Logo_Horizontal_TealGrey_RGB.gif\",\"contentUrl\":\"https:\/\/www.msdconnect.be\/fr\/wp-content\/uploads\/sites\/15\/2022\/04\/MSD_Logo_Horizontal_TealGrey_RGB.gif\",\"width\":340,\"height\":131,\"caption\":\"MSD Belgium\"},\"image\":{\"@id\":\"https:\/\/www.msdconnect.be\/fr\/#\/schema\/logo\/image\/\"}},{\"@type\":\"Person\",\"@id\":\"https:\/\/www.msdconnect.be\/fr\/#\/schema\/person\/9d6f483ae8ae0c83b4e6fc2287c9578e\",\"name\":\"ugjerdingen\",\"image\":{\"@type\":\"ImageObject\",\"inLanguage\":\"fr-BE\",\"@id\":\"https:\/\/www.msdconnect.be\/fr\/#\/schema\/person\/image\/\",\"url\":\"https:\/\/secure.gravatar.com\/avatar\/d3de2789fe7b5fe3d825f591dbc11f8e8de1ae3a8f7002eed19a6c5bb4b73f4f?s=96&d=mm&r=g\",\"contentUrl\":\"https:\/\/secure.gravatar.com\/avatar\/d3de2789fe7b5fe3d825f591dbc11f8e8de1ae3a8f7002eed19a6c5bb4b73f4f?s=96&d=mm&r=g\",\"caption\":\"ugjerdingen\"},\"url\":\"https:\/\/www.msdconnect.be\/fr\/author\/ugjerdingen\/\"}]}<\/script>\n<!-- \/ Yoast SEO plugin. -->","yoast_head_json":{"title":"\u00abRe\u0301fle\u0301chir au temps de travail des me\u0301decins\u00bb - MSD Belgium - FR","robots":{"index":"index","follow":"follow","max-snippet":"max-snippet:-1","max-image-preview":"max-image-preview:large","max-video-preview":"max-video-preview:-1"},"canonical":"https:\/\/www.msdconnect.be\/fr\/2023\/01\/16\/reflechir-au-temps-de-travail-des-medecins\/","og_locale":"fr_FR","og_type":"article","og_title":"\u00abRe\u0301fle\u0301chir au temps de travail des me\u0301decins\u00bb - MSD Belgium - FR","og_description":"Les d\u00e9fis pour les m\u00e9decins et les h\u00f4pitaux en 2023 seront nombreux. Les responsables de l\u2019Inami, Beno\u00eet Colin et Pedro Facon, dans une interview exclusive pour le Sp\u00e9cialiste, ont notamment abord\u00e9 la [&hellip;]","og_url":"https:\/\/www.msdconnect.be\/fr\/2023\/01\/16\/reflechir-au-temps-de-travail-des-medecins\/","og_site_name":"MSD Belgium - FR","article_published_time":"2023-01-16T14:50:55+00:00","article_modified_time":"2023-01-19T16:13:50+00:00","og_image":[{"width":1385,"height":922,"url":"https:\/\/www.msdconnect.be\/fr\/wp-content\/uploads\/sites\/15\/2023\/01\/output-001.jpg","type":"image\/jpeg"}],"author":"ugjerdingen","twitter_card":"summary_large_image","twitter_misc":{"\u00c9crit par":"ugjerdingen","Dur\u00e9e de lecture est.":"4 minutes"},"schema":{"@context":"https:\/\/schema.org","@graph":[{"@type":"Article","@id":"https:\/\/www.msdconnect.be\/fr\/2023\/01\/16\/reflechir-au-temps-de-travail-des-medecins\/#article","isPartOf":{"@id":"https:\/\/www.msdconnect.be\/fr\/2023\/01\/16\/reflechir-au-temps-de-travail-des-medecins\/"},"author":{"name":"ugjerdingen","@id":"https:\/\/www.msdconnect.be\/fr\/#\/schema\/person\/9d6f483ae8ae0c83b4e6fc2287c9578e"},"headline":"\u00abRe\u0301fle\u0301chir au temps de travail des me\u0301decins\u00bb","datePublished":"2023-01-16T14:50:55+00:00","dateModified":"2023-01-19T16:13:50+00:00","mainEntityOfPage":{"@id":"https:\/\/www.msdconnect.be\/fr\/2023\/01\/16\/reflechir-au-temps-de-travail-des-medecins\/"},"wordCount":773,"publisher":{"@id":"https:\/\/www.msdconnect.be\/fr\/#organization"},"image":{"@id":"https:\/\/www.msdconnect.be\/fr\/2023\/01\/16\/reflechir-au-temps-de-travail-des-medecins\/#primaryimage"},"thumbnailUrl":"https:\/\/www.msdconnect.be\/fr\/wp-content\/uploads\/sites\/15\/2023\/01\/output-001.jpg","articleSection":["Uncategorized"],"inLanguage":"fr-BE"},{"@type":"WebPage","@id":"https:\/\/www.msdconnect.be\/fr\/2023\/01\/16\/reflechir-au-temps-de-travail-des-medecins\/","url":"https:\/\/www.msdconnect.be\/fr\/2023\/01\/16\/reflechir-au-temps-de-travail-des-medecins\/","name":"\u00abRe\u0301fle\u0301chir au temps de travail des me\u0301decins\u00bb - MSD Belgium - FR","isPartOf":{"@id":"https:\/\/www.msdconnect.be\/fr\/#website"},"primaryImageOfPage":{"@id":"https:\/\/www.msdconnect.be\/fr\/2023\/01\/16\/reflechir-au-temps-de-travail-des-medecins\/#primaryimage"},"image":{"@id":"https:\/\/www.msdconnect.be\/fr\/2023\/01\/16\/reflechir-au-temps-de-travail-des-medecins\/#primaryimage"},"thumbnailUrl":"https:\/\/www.msdconnect.be\/fr\/wp-content\/uploads\/sites\/15\/2023\/01\/output-001.jpg","datePublished":"2023-01-16T14:50:55+00:00","dateModified":"2023-01-19T16:13:50+00:00","breadcrumb":{"@id":"https:\/\/www.msdconnect.be\/fr\/2023\/01\/16\/reflechir-au-temps-de-travail-des-medecins\/#breadcrumb"},"inLanguage":"fr-BE","potentialAction":[{"@type":"ReadAction","target":["https:\/\/www.msdconnect.be\/fr\/2023\/01\/16\/reflechir-au-temps-de-travail-des-medecins\/"]}]},{"@type":"ImageObject","inLanguage":"fr-BE","@id":"https:\/\/www.msdconnect.be\/fr\/2023\/01\/16\/reflechir-au-temps-de-travail-des-medecins\/#primaryimage","url":"https:\/\/www.msdconnect.be\/fr\/wp-content\/uploads\/sites\/15\/2023\/01\/output-001.jpg","contentUrl":"https:\/\/www.msdconnect.be\/fr\/wp-content\/uploads\/sites\/15\/2023\/01\/output-001.jpg","width":1385,"height":922},{"@type":"BreadcrumbList","@id":"https:\/\/www.msdconnect.be\/fr\/2023\/01\/16\/reflechir-au-temps-de-travail-des-medecins\/#breadcrumb","itemListElement":[{"@type":"ListItem","position":1,"name":"Home","item":"https:\/\/www.msdconnect.be\/fr\/"},{"@type":"ListItem","position":2,"name":"\u00abRe\u0301fle\u0301chir au temps de travail des me\u0301decins\u00bb"}]},{"@type":"WebSite","@id":"https:\/\/www.msdconnect.be\/fr\/#website","url":"https:\/\/www.msdconnect.be\/fr\/","name":"MSD Belgium - FR","description":"","publisher":{"@id":"https:\/\/www.msdconnect.be\/fr\/#organization"},"potentialAction":[{"@type":"SearchAction","target":{"@type":"EntryPoint","urlTemplate":"https:\/\/www.msdconnect.be\/fr\/?s={search_term_string}"},"query-input":{"@type":"PropertyValueSpecification","valueRequired":true,"valueName":"search_term_string"}}],"inLanguage":"fr-BE"},{"@type":"Organization","@id":"https:\/\/www.msdconnect.be\/fr\/#organization","name":"MSD Belgium","url":"https:\/\/www.msdconnect.be\/fr\/","logo":{"@type":"ImageObject","inLanguage":"fr-BE","@id":"https:\/\/www.msdconnect.be\/fr\/#\/schema\/logo\/image\/","url":"https:\/\/www.msdconnect.be\/fr\/wp-content\/uploads\/sites\/15\/2022\/04\/MSD_Logo_Horizontal_TealGrey_RGB.gif","contentUrl":"https:\/\/www.msdconnect.be\/fr\/wp-content\/uploads\/sites\/15\/2022\/04\/MSD_Logo_Horizontal_TealGrey_RGB.gif","width":340,"height":131,"caption":"MSD Belgium"},"image":{"@id":"https:\/\/www.msdconnect.be\/fr\/#\/schema\/logo\/image\/"}},{"@type":"Person","@id":"https:\/\/www.msdconnect.be\/fr\/#\/schema\/person\/9d6f483ae8ae0c83b4e6fc2287c9578e","name":"ugjerdingen","image":{"@type":"ImageObject","inLanguage":"fr-BE","@id":"https:\/\/www.msdconnect.be\/fr\/#\/schema\/person\/image\/","url":"https:\/\/secure.gravatar.com\/avatar\/d3de2789fe7b5fe3d825f591dbc11f8e8de1ae3a8f7002eed19a6c5bb4b73f4f?s=96&d=mm&r=g","contentUrl":"https:\/\/secure.gravatar.com\/avatar\/d3de2789fe7b5fe3d825f591dbc11f8e8de1ae3a8f7002eed19a6c5bb4b73f4f?s=96&d=mm&r=g","caption":"ugjerdingen"},"url":"https:\/\/www.msdconnect.be\/fr\/author\/ugjerdingen\/"}]}},"_links":{"self":[{"href":"https:\/\/www.msdconnect.be\/fr\/wp-json\/wp\/v2\/posts\/55904","targetHints":{"allow":["GET"]}}],"collection":[{"href":"https:\/\/www.msdconnect.be\/fr\/wp-json\/wp\/v2\/posts"}],"about":[{"href":"https:\/\/www.msdconnect.be\/fr\/wp-json\/wp\/v2\/types\/post"}],"author":[{"embeddable":true,"href":"https:\/\/www.msdconnect.be\/fr\/wp-json\/wp\/v2\/users\/60701"}],"replies":[{"embeddable":true,"href":"https:\/\/www.msdconnect.be\/fr\/wp-json\/wp\/v2\/comments?post=55904"}],"version-history":[{"count":3,"href":"https:\/\/www.msdconnect.be\/fr\/wp-json\/wp\/v2\/posts\/55904\/revisions"}],"predecessor-version":[{"id":56315,"href":"https:\/\/www.msdconnect.be\/fr\/wp-json\/wp\/v2\/posts\/55904\/revisions\/56315"}],"wp:featuredmedia":[{"embeddable":true,"href":"https:\/\/www.msdconnect.be\/fr\/wp-json\/wp\/v2\/media\/55909"}],"wp:attachment":[{"href":"https:\/\/www.msdconnect.be\/fr\/wp-json\/wp\/v2\/media?parent=55904"}],"wp:term":[{"taxonomy":"category","embeddable":true,"href":"https:\/\/www.msdconnect.be\/fr\/wp-json\/wp\/v2\/categories?post=55904"},{"taxonomy":"post_tag","embeddable":true,"href":"https:\/\/www.msdconnect.be\/fr\/wp-json\/wp\/v2\/tags?post=55904"},{"taxonomy":"ga4_page_audience","embeddable":true,"href":"https:\/\/www.msdconnect.be\/fr\/wp-json\/wp\/v2\/ga4_page_audience?post=55904"},{"taxonomy":"ga4_page_birn_id","embeddable":true,"href":"https:\/\/www.msdconnect.be\/fr\/wp-json\/wp\/v2\/ga4_page_birn_id?post=55904"},{"taxonomy":"ga4_page_branding","embeddable":true,"href":"https:\/\/www.msdconnect.be\/fr\/wp-json\/wp\/v2\/ga4_page_branding?post=55904"},{"taxonomy":"ga4_page_businessunit","embeddable":true,"href":"https:\/\/www.msdconnect.be\/fr\/wp-json\/wp\/v2\/ga4_page_businessunit?post=55904"},{"taxonomy":"ga4_page_campaign","embeddable":true,"href":"https:\/\/www.msdconnect.be\/fr\/wp-json\/wp\/v2\/ga4_page_campaign?post=55904"},{"taxonomy":"ga4_page_content_purpose","embeddable":true,"href":"https:\/\/www.msdconnect.be\/fr\/wp-json\/wp\/v2\/ga4_page_content_purpose?post=55904"},{"taxonomy":"ga4_page_customer_journey_stage","embeddable":true,"href":"https:\/\/www.msdconnect.be\/fr\/wp-json\/wp\/v2\/ga4_page_customer_journey_stage?post=55904"},{"taxonomy":"ga4_page_customer_specialty","embeddable":true,"href":"https:\/\/www.msdconnect.be\/fr\/wp-json\/wp\/v2\/ga4_page_customer_specialty?post=55904"},{"taxonomy":"ga4_page_experience","embeddable":true,"href":"https:\/\/www.msdconnect.be\/fr\/wp-json\/wp\/v2\/ga4_page_experience?post=55904"},{"taxonomy":"ga4_page_indication","embeddable":true,"href":"https:\/\/www.msdconnect.be\/fr\/wp-json\/wp\/v2\/ga4_page_indication?post=55904"},{"taxonomy":"ga4_page_material_intent","embeddable":true,"href":"https:\/\/www.msdconnect.be\/fr\/wp-json\/wp\/v2\/ga4_page_material_intent?post=55904"},{"taxonomy":"ga4_page_product","embeddable":true,"href":"https:\/\/www.msdconnect.be\/fr\/wp-json\/wp\/v2\/ga4_page_product?post=55904"},{"taxonomy":"ga4_page_region","embeddable":true,"href":"https:\/\/www.msdconnect.be\/fr\/wp-json\/wp\/v2\/ga4_page_region?post=55904"},{"taxonomy":"ga4_page_therapeuticarea","embeddable":true,"href":"https:\/\/www.msdconnect.be\/fr\/wp-json\/wp\/v2\/ga4_page_therapeuticarea?post=55904"},{"taxonomy":"tx-therapeutic-area","embeddable":true,"href":"https:\/\/www.msdconnect.be\/fr\/wp-json\/wp\/v2\/tx-therapeutic-area?post=55904"},{"taxonomy":"tx-product","embeddable":true,"href":"https:\/\/www.msdconnect.be\/fr\/wp-json\/wp\/v2\/tx-product?post=55904"},{"taxonomy":"tx-pathology","embeddable":true,"href":"https:\/\/www.msdconnect.be\/fr\/wp-json\/wp\/v2\/tx-pathology?post=55904"},{"taxonomy":"tx-content-type","embeddable":true,"href":"https:\/\/www.msdconnect.be\/fr\/wp-json\/wp\/v2\/tx-content-type?post=55904"},{"taxonomy":"tx-active-ingredient","embeddable":true,"href":"https:\/\/www.msdconnect.be\/fr\/wp-json\/wp\/v2\/tx-active-ingredient?post=55904"},{"taxonomy":"mhh-area-of-interest","embeddable":true,"href":"https:\/\/www.msdconnect.be\/fr\/wp-json\/wp\/v2\/mhh-area-of-interest?post=55904"},{"taxonomy":"access","embeddable":true,"href":"https:\/\/www.msdconnect.be\/fr\/wp-json\/wp\/v2\/access?post=55904"},{"taxonomy":"user_status","embeddable":true,"href":"https:\/\/www.msdconnect.be\/fr\/wp-json\/wp\/v2\/user_status?post=55904"},{"taxonomy":"user_role","embeddable":true,"href":"https:\/\/www.msdconnect.be\/fr\/wp-json\/wp\/v2\/user_role?post=55904"}],"curies":[{"name":"wp","href":"https:\/\/api.w.org\/{rel}","templated":true}]}}